[{"command":"showMoreTeasers","id":"del--paragraph-33754","content":"\n\u003Carticle id=\u0022rs_read_this\u0022 class=\u0022node node--type--donation-project node--view-mode--teaser\u0022\u003E\n  \u003Ca href=\u0022\/de\/spenden\/aktivitaeten-schaffen-perspektiven-hilfe-bei-der-betrieblichen-inklusion\u0022 aria-labelledby=\u0022teaser-6988-title\u0022\u003E\n          \u003Cdiv class=\u0022donation-teaser-image\u0022\u003E\n        \n  \u003Cdiv class=\u0022field field--name-field-image field--type-entity-reference field--label-hidden field__items\u0022\u003E\n        \u003Cdiv class=\u0022field__item\u0022\u003E    \u003Cpicture\u003E\n                \u003C!--[if IE 9]\u003E\n      \u003Cvideo style=\u0022display: none;\u0022\u003E\u003C![endif]--\u003E\n              \u003Csource srcset=\u0022\/sites\/default\/files\/styles\/img_sm_4_3_bp_md\/public\/2023-06\/3190_cjd_10_20222194.jpg.webp?h=9fe24eb1\u0026amp;itok=EY__AUn2 1x\u0022 media=\u0022all and (min-width: 768px) and (max-width: 959px)\u0022 type=\u0022image\/webp\u0022 width=\u0022294\u0022 height=\u0022220\u0022\/\u003E\n              \u003Csource srcset=\u0022\/sites\/default\/files\/styles\/img_sm_4_3_bp_lg\/public\/2023-06\/3190_cjd_10_20222194.jpg.webp?h=9fe24eb1\u0026amp;itok=CGj8IAGr 1x\u0022 media=\u0022all and (min-width: 960px) and (max-width: 1439px)\u0022 type=\u0022image\/webp\u0022 width=\u0022438\u0022 height=\u0022328\u0022\/\u003E\n              \u003Csource srcset=\u0022\/sites\/default\/files\/styles\/img_sm_4_3_bp_xl\/public\/2023-06\/3190_cjd_10_20222194.jpg.webp?h=9fe24eb1\u0026amp;itok=tk8vlJ0K 1x\u0022 media=\u0022all and (min-width: 1440px)\u0022 type=\u0022image\/webp\u0022 width=\u0022560\u0022 height=\u0022420\u0022\/\u003E\n            \u003C!--[if IE 9]\u003E\u003C\/video\u003E\u003C![endif]--\u003E\n            \u003Cimg loading=\u0022lazy\u0022 width=\u0022235\u0022 height=\u0022176\u0022 src=\u0022\/sites\/default\/files\/styles\/img_sm_4_3_bp_default\/public\/2023-06\/3190_cjd_10_20222194.jpg.jpg?h=9fe24eb1\u0026amp;itok=VT7dp_2O\u0022 \/\u003E\n\n  \u003C\/picture\u003E\n\n\u003C\/div\u003E\n  \u003C\/div\u003E\n      \u003C\/div\u003E\n        \u003Cdiv class=\u0022donation-teaser-content\u0022\u003E\n\n      \u003Cdiv class=\u0022donation-project-insights\u0022\u003E\n                  \u003Cdiv class=\u0022bubble\u0022\u003E\n            \n  \u003Cdiv content=\u00221200.00\u0022 class=\u0022field field--name-field-project-cost field--type-decimal field--label-hidden field__items\u0022\u003E\n        \u003Cdiv content=\u00221200.00\u0022 class=\u0022field__item\u0022\u003E1.200 \u20ac\u003C\/div\u003E\n  \u003C\/div\u003E\n          \u003C\/div\u003E\n        \n                  \u003Cdiv class=\u0022bubble\u0022\u003E\n            G\u00f6ppingen-Faurndau\n          \u003C\/div\u003E\n              \u003C\/div\u003E\n      \u003Cdiv id=\u0022teaser-6988-title\u0022 class=\u0022donation-teaser-headline\u0022 role=\u0022heading\u0022 aria-level=\u00223\u0022\u003E \u003Cspan\u003EAktivit\u00e4ten schaffen Perspektiven: Hilfe bei der betrieblichen Inklusion\u003C\/span\u003E\n \u003C\/div\u003E\n      \u003Cdiv class=\u0022donation-teaser-abstract\u0022\u003E \n  \u003Cdiv class=\u0022field field--name-field-abstract field--type-text-long field--label-hidden field__items\u0022\u003E\n        \u003Cdiv class=\u0022field__item\u0022\u003E  \u003Cp\u003EIn G\u00f6ppingen-Faurndau unterst\u00fctzen wir mit dem Dienst zur betrieblichen Inklusion (DINA) Menschen...\u003C\/p\u003E\n\n\n\u003C\/div\u003E\n  \u003C\/div\u003E \u003C\/div\u003E\n    \u003C\/div\u003E\n  \u003C\/a\u003E\n\u003C\/article\u003E\n\n\u003Carticle id=\u0022rs_read_this\u0022 class=\u0022node node--type--donation-project node--view-mode--teaser\u0022\u003E\n  \u003Ca href=\u0022\/de\/spenden\/sehen-spueren-verstehen-drogenpraevention-die-wirkt\u0022 aria-labelledby=\u0022teaser-6951-title\u0022\u003E\n          \u003Cdiv class=\u0022donation-teaser-image\u0022\u003E\n        \n  \u003Cdiv class=\u0022field field--name-field-image field--type-entity-reference field--label-hidden field__items\u0022\u003E\n        \u003Cdiv class=\u0022field__item\u0022\u003E    \u003Cpicture\u003E\n                \u003C!--[if IE 9]\u003E\n      \u003Cvideo style=\u0022display: none;\u0022\u003E\u003C![endif]--\u003E\n              \u003Csource srcset=\u0022\/sites\/default\/files\/styles\/img_sm_4_3_bp_md\/public\/2026-02\/42788_159-cjd_kjfh_sensiblethemenbereiche_web-159.jpg.webp?h=56d0ca2e\u0026amp;itok=tf2UML-P 1x\u0022 media=\u0022all and (min-width: 768px) and (max-width: 959px)\u0022 type=\u0022image\/webp\u0022 width=\u0022294\u0022 height=\u0022220\u0022\/\u003E\n              \u003Csource srcset=\u0022\/sites\/default\/files\/styles\/img_sm_4_3_bp_lg\/public\/2026-02\/42788_159-cjd_kjfh_sensiblethemenbereiche_web-159.jpg.webp?h=56d0ca2e\u0026amp;itok=U5eqwv04 1x\u0022 media=\u0022all and (min-width: 960px) and (max-width: 1439px)\u0022 type=\u0022image\/webp\u0022 width=\u0022438\u0022 height=\u0022328\u0022\/\u003E\n              \u003Csource srcset=\u0022\/sites\/default\/files\/styles\/img_sm_4_3_bp_xl\/public\/2026-02\/42788_159-cjd_kjfh_sensiblethemenbereiche_web-159.jpg.webp?h=56d0ca2e\u0026amp;itok=gPJJVkVB 1x\u0022 media=\u0022all and (min-width: 1440px)\u0022 type=\u0022image\/webp\u0022 width=\u0022560\u0022 height=\u0022420\u0022\/\u003E\n            \u003C!--[if IE 9]\u003E\u003C\/video\u003E\u003C![endif]--\u003E\n            \u003Cimg loading=\u0022lazy\u0022 width=\u0022235\u0022 height=\u0022176\u0022 src=\u0022\/sites\/default\/files\/styles\/img_sm_4_3_bp_default\/public\/2026-02\/42788_159-cjd_kjfh_sensiblethemenbereiche_web-159.jpg.jpg?h=56d0ca2e\u0026amp;itok=wFiVeISk\u0022 \/\u003E\n\n  \u003C\/picture\u003E\n\n\u003C\/div\u003E\n  \u003C\/div\u003E\n      \u003C\/div\u003E\n        \u003Cdiv class=\u0022donation-teaser-content\u0022\u003E\n\n      \u003Cdiv class=\u0022donation-project-insights\u0022\u003E\n                  \u003Cdiv class=\u0022bubble\u0022\u003E\n            \n  \u003Cdiv content=\u00221500.00\u0022 class=\u0022field field--name-field-project-cost field--type-decimal field--label-hidden field__items\u0022\u003E\n        \u003Cdiv content=\u00221500.00\u0022 class=\u0022field__item\u0022\u003E1.500 \u20ac\u003C\/div\u003E\n  \u003C\/div\u003E\n          \u003C\/div\u003E\n        \n                  \u003Cdiv class=\u0022bubble\u0022\u003E\n            Nagold\n          \u003C\/div\u003E\n              \u003C\/div\u003E\n      \u003Cdiv id=\u0022teaser-6951-title\u0022 class=\u0022donation-teaser-headline\u0022 role=\u0022heading\u0022 aria-level=\u00223\u0022\u003E \u003Cspan\u003ESehen, sp\u00fcren, verstehen: Drogenpr\u00e4vention, die wirkt\u003C\/span\u003E\n \u003C\/div\u003E\n      \u003Cdiv class=\u0022donation-teaser-abstract\u0022\u003E \n  \u003Cdiv class=\u0022field field--name-field-abstract field--type-text-long field--label-hidden field__items\u0022\u003E\n        \u003Cdiv class=\u0022field__item\u0022\u003E  \u003Cp\u003EIm Wohnheim des CJD in Nagold leben rund 200 Auszubildende der Stra\u00dfenbauverwaltung. Um sie...\u003C\/p\u003E\n\n\n\u003C\/div\u003E\n  \u003C\/div\u003E \u003C\/div\u003E\n    \u003C\/div\u003E\n  \u003C\/a\u003E\n\u003C\/article\u003E\n\n\u003Carticle id=\u0022rs_read_this\u0022 class=\u0022node node--type--donation-project node--view-mode--teaser\u0022\u003E\n  \u003Ca href=\u0022\/de\/spenden\/ein-ort-an-dem-hoffnung-waechst-neue-wohngruppe-stuttgart\u0022 aria-labelledby=\u0022teaser-6745-title\u0022\u003E\n          \u003Cdiv class=\u0022donation-teaser-image\u0022\u003E\n        \n  \u003Cdiv class=\u0022field field--name-field-image field--type-entity-reference field--label-hidden field__items\u0022\u003E\n        \u003Cdiv class=\u0022field__item\u0022\u003E    \u003Cpicture\u003E\n                \u003C!--[if IE 9]\u003E\n      \u003Cvideo style=\u0022display: none;\u0022\u003E\u003C![endif]--\u003E\n              \u003Csource srcset=\u0022\/sites\/default\/files\/styles\/img_sm_4_3_bp_md\/public\/2023-08\/7850_braunschweig_montessori_hq-34.jpg.webp?h=790be497\u0026amp;itok=D0LMWwxU 1x\u0022 media=\u0022all and (min-width: 768px) and (max-width: 959px)\u0022 type=\u0022image\/webp\u0022 width=\u0022294\u0022 height=\u0022220\u0022\/\u003E\n              \u003Csource srcset=\u0022\/sites\/default\/files\/styles\/img_sm_4_3_bp_lg\/public\/2023-08\/7850_braunschweig_montessori_hq-34.jpg.webp?h=790be497\u0026amp;itok=Xvu2wBec 1x\u0022 media=\u0022all and (min-width: 960px) and (max-width: 1439px)\u0022 type=\u0022image\/webp\u0022 width=\u0022438\u0022 height=\u0022328\u0022\/\u003E\n              \u003Csource srcset=\u0022\/sites\/default\/files\/styles\/img_sm_4_3_bp_xl\/public\/2023-08\/7850_braunschweig_montessori_hq-34.jpg.webp?h=790be497\u0026amp;itok=Lc0_NSta 1x\u0022 media=\u0022all and (min-width: 1440px)\u0022 type=\u0022image\/webp\u0022 width=\u0022560\u0022 height=\u0022420\u0022\/\u003E\n            \u003C!--[if IE 9]\u003E\u003C\/video\u003E\u003C![endif]--\u003E\n            \u003Cimg loading=\u0022lazy\u0022 width=\u0022235\u0022 height=\u0022176\u0022 src=\u0022\/sites\/default\/files\/styles\/img_sm_4_3_bp_default\/public\/2023-08\/7850_braunschweig_montessori_hq-34.jpg.jpg?h=790be497\u0026amp;itok=xbDMlA5M\u0022 \/\u003E\n\n  \u003C\/picture\u003E\n\n\u003C\/div\u003E\n  \u003C\/div\u003E\n      \u003C\/div\u003E\n        \u003Cdiv class=\u0022donation-teaser-content\u0022\u003E\n\n      \u003Cdiv class=\u0022donation-project-insights\u0022\u003E\n                  \u003Cdiv class=\u0022bubble\u0022\u003E\n            \n  \u003Cdiv content=\u002219500.00\u0022 class=\u0022field field--name-field-project-cost field--type-decimal field--label-hidden field__items\u0022\u003E\n        \u003Cdiv content=\u002219500.00\u0022 class=\u0022field__item\u0022\u003E19.500 \u20ac\u003C\/div\u003E\n  \u003C\/div\u003E\n          \u003C\/div\u003E\n        \n                  \u003Cdiv class=\u0022bubble\u0022\u003E\n            Stuttgart\n          \u003C\/div\u003E\n              \u003C\/div\u003E\n      \u003Cdiv id=\u0022teaser-6745-title\u0022 class=\u0022donation-teaser-headline\u0022 role=\u0022heading\u0022 aria-level=\u00223\u0022\u003E \u003Cspan\u003EEin Ort, an dem Hoffnung w\u00e4chst: Neue Wohngruppe in Stuttgart\u003C\/span\u003E\n \u003C\/div\u003E\n      \u003Cdiv class=\u0022donation-teaser-abstract\u0022\u003E \n  \u003Cdiv class=\u0022field field--name-field-abstract field--type-text-long field--label-hidden field__items\u0022\u003E\n        \u003Cdiv class=\u0022field__item\u0022\u003E  \u003Cp\u003E2026 er\u00f6ffnet das CJD in Stuttgart eine neue Wohngruppe f\u00fcr sechs Kinder und Jugendliche, die Schutz...\u003C\/p\u003E\n\n\n\u003C\/div\u003E\n  \u003C\/div\u003E \u003C\/div\u003E\n    \u003C\/div\u003E\n  \u003C\/a\u003E\n\u003C\/article\u003E\n\n\u003Carticle id=\u0022rs_read_this\u0022 class=\u0022node node--type--donation-project node--view-mode--teaser\u0022\u003E\n  \u003Ca href=\u0022\/de\/spenden\/gemeinsam-kreativ-kunsttherapie-als-weg-zur-stabilitaet\u0022 aria-labelledby=\u0022teaser-6258-title\u0022\u003E\n          \u003Cdiv class=\u0022donation-teaser-image\u0022\u003E\n        \n  \u003Cdiv class=\u0022field field--name-field-image field--type-entity-reference field--label-hidden field__items\u0022\u003E\n        \u003Cdiv class=\u0022field__item\u0022\u003E    \u003Cpicture\u003E\n                \u003C!--[if IE 9]\u003E\n      \u003Cvideo style=\u0022display: none;\u0022\u003E\u003C![endif]--\u003E\n              \u003Csource srcset=\u0022\/sites\/default\/files\/styles\/img_sm_4_3_bp_md\/public\/2025-11\/39706_cjd_arche_notzingen_web-39.jpg.webp?h=56d0ca2e\u0026amp;itok=6p1197M_ 1x\u0022 media=\u0022all and (min-width: 768px) and (max-width: 959px)\u0022 type=\u0022image\/webp\u0022 width=\u0022294\u0022 height=\u0022220\u0022\/\u003E\n              \u003Csource srcset=\u0022\/sites\/default\/files\/styles\/img_sm_4_3_bp_lg\/public\/2025-11\/39706_cjd_arche_notzingen_web-39.jpg.webp?h=56d0ca2e\u0026amp;itok=y2ZY_hWO 1x\u0022 media=\u0022all and (min-width: 960px) and (max-width: 1439px)\u0022 type=\u0022image\/webp\u0022 width=\u0022438\u0022 height=\u0022328\u0022\/\u003E\n              \u003Csource srcset=\u0022\/sites\/default\/files\/styles\/img_sm_4_3_bp_xl\/public\/2025-11\/39706_cjd_arche_notzingen_web-39.jpg.webp?h=56d0ca2e\u0026amp;itok=_lwQL30O 1x\u0022 media=\u0022all and (min-width: 1440px)\u0022 type=\u0022image\/webp\u0022 width=\u0022560\u0022 height=\u0022420\u0022\/\u003E\n            \u003C!--[if IE 9]\u003E\u003C\/video\u003E\u003C![endif]--\u003E\n            \u003Cimg loading=\u0022lazy\u0022 width=\u0022235\u0022 height=\u0022176\u0022 src=\u0022\/sites\/default\/files\/styles\/img_sm_4_3_bp_default\/public\/2025-11\/39706_cjd_arche_notzingen_web-39.jpg.jpg?h=56d0ca2e\u0026amp;itok=r-dhJgrm\u0022 \/\u003E\n\n  \u003C\/picture\u003E\n\n\u003C\/div\u003E\n  \u003C\/div\u003E\n      \u003C\/div\u003E\n        \u003Cdiv class=\u0022donation-teaser-content\u0022\u003E\n\n      \u003Cdiv class=\u0022donation-project-insights\u0022\u003E\n                  \u003Cdiv class=\u0022bubble\u0022\u003E\n            \n  \u003Cdiv content=\u00221700.00\u0022 class=\u0022field field--name-field-project-cost field--type-decimal field--label-hidden field__items\u0022\u003E\n        \u003Cdiv content=\u00221700.00\u0022 class=\u0022field__item\u0022\u003E1.700 \u20ac\u003C\/div\u003E\n  \u003C\/div\u003E\n          \u003C\/div\u003E\n        \n                  \u003Cdiv class=\u0022bubble\u0022\u003E\n            Notzingen\n          \u003C\/div\u003E\n              \u003C\/div\u003E\n      \u003Cdiv id=\u0022teaser-6258-title\u0022 class=\u0022donation-teaser-headline\u0022 role=\u0022heading\u0022 aria-level=\u00223\u0022\u003E \u003Cspan\u003EGemeinsam kreativ - Kunsttherapie als Weg zur Stabilit\u00e4t\u003C\/span\u003E\n \u003C\/div\u003E\n      \u003Cdiv class=\u0022donation-teaser-abstract\u0022\u003E \n  \u003Cdiv class=\u0022field field--name-field-abstract field--type-text-long field--label-hidden field__items\u0022\u003E\n        \u003Cdiv class=\u0022field__item\u0022\u003E  \u003Cp\u003EDie kreative Tagesstruktur in der CJD ARCHE Notzingen gGmbH erm\u00f6glicht den Bewohnerinnen und...\u003C\/p\u003E\n\n\n\u003C\/div\u003E\n  \u003C\/div\u003E \u003C\/div\u003E\n    \u003C\/div\u003E\n  \u003C\/a\u003E\n\u003C\/article\u003E\n\n\u003Carticle id=\u0022rs_read_this\u0022 class=\u0022node node--type--donation-project node--view-mode--teaser\u0022\u003E\n  \u003Ca href=\u0022\/de\/spenden\/kreativer-raum-selbstwirksamkeit-ein-brennofen-fuer-die-arche\u0022 aria-labelledby=\u0022teaser-5954-title\u0022\u003E\n          \u003Cdiv class=\u0022donation-teaser-image\u0022\u003E\n        \n  \u003Cdiv class=\u0022field field--name-field-image field--type-entity-reference field--label-hidden field__items\u0022\u003E\n        \u003Cdiv class=\u0022field__item\u0022\u003E    \u003Cpicture\u003E\n                \u003C!--[if IE 9]\u003E\n      \u003Cvideo style=\u0022display: none;\u0022\u003E\u003C![endif]--\u003E\n              \u003Csource srcset=\u0022\/sites\/default\/files\/styles\/img_sm_4_3_bp_md\/public\/2025-11\/41328_ki_ps_bild-toepfern.jpg.webp?h=8b284940\u0026amp;itok=li1riISy 1x\u0022 media=\u0022all and (min-width: 768px) and (max-width: 959px)\u0022 type=\u0022image\/webp\u0022 width=\u0022294\u0022 height=\u0022220\u0022\/\u003E\n              \u003Csource srcset=\u0022\/sites\/default\/files\/styles\/img_sm_4_3_bp_lg\/public\/2025-11\/41328_ki_ps_bild-toepfern.jpg.webp?h=8b284940\u0026amp;itok=hi-saRW_ 1x\u0022 media=\u0022all and (min-width: 960px) and (max-width: 1439px)\u0022 type=\u0022image\/webp\u0022 width=\u0022438\u0022 height=\u0022328\u0022\/\u003E\n              \u003Csource srcset=\u0022\/sites\/default\/files\/styles\/img_sm_4_3_bp_xl\/public\/2025-11\/41328_ki_ps_bild-toepfern.jpg.webp?h=8b284940\u0026amp;itok=JKqAXEJZ 1x\u0022 media=\u0022all and (min-width: 1440px)\u0022 type=\u0022image\/webp\u0022 width=\u0022560\u0022 height=\u0022420\u0022\/\u003E\n            \u003C!--[if IE 9]\u003E\u003C\/video\u003E\u003C![endif]--\u003E\n            \u003Cimg loading=\u0022lazy\u0022 width=\u0022235\u0022 height=\u0022176\u0022 src=\u0022\/sites\/default\/files\/styles\/img_sm_4_3_bp_default\/public\/2025-11\/41328_ki_ps_bild-toepfern.jpg.jpg?h=8b284940\u0026amp;itok=x5G---dR\u0022 \/\u003E\n\n  \u003C\/picture\u003E\n\n\u003C\/div\u003E\n  \u003C\/div\u003E\n      \u003C\/div\u003E\n        \u003Cdiv class=\u0022donation-teaser-content\u0022\u003E\n\n      \u003Cdiv class=\u0022donation-project-insights\u0022\u003E\n                  \u003Cdiv class=\u0022bubble\u0022\u003E\n            \n  \u003Cdiv content=\u00223200.00\u0022 class=\u0022field field--name-field-project-cost field--type-decimal field--label-hidden field__items\u0022\u003E\n        \u003Cdiv content=\u00223200.00\u0022 class=\u0022field__item\u0022\u003E3.200 \u20ac\u003C\/div\u003E\n  \u003C\/div\u003E\n          \u003C\/div\u003E\n        \n                  \u003Cdiv class=\u0022bubble\u0022\u003E\n            Notzingen\n          \u003C\/div\u003E\n              \u003C\/div\u003E\n      \u003Cdiv id=\u0022teaser-5954-title\u0022 class=\u0022donation-teaser-headline\u0022 role=\u0022heading\u0022 aria-level=\u00223\u0022\u003E \u003Cspan\u003EKreativer Raum \u0026amp; Selbstwirksamkeit: Ein Brennofen f\u00fcr die ARCHE\u003C\/span\u003E\n \u003C\/div\u003E\n      \u003Cdiv class=\u0022donation-teaser-abstract\u0022\u003E \n  \u003Cdiv class=\u0022field field--name-field-abstract field--type-text-long field--label-hidden field__items\u0022\u003E\n        \u003Cdiv class=\u0022field__item\u0022\u003E  \u003Cp\u003EDie CJD ARCHE Notzingen gGmbH unterst\u00fctzt Menschen mit psychischen Beeintr\u00e4chtigungen auf dem Weg zu...\u003C\/p\u003E\n\n\n\u003C\/div\u003E\n  \u003C\/div\u003E \u003C\/div\u003E\n    \u003C\/div\u003E\n  \u003C\/a\u003E\n\u003C\/article\u003E\n\n\u003Carticle id=\u0022rs_read_this\u0022 class=\u0022node node--type--donation-project node--view-mode--teaser\u0022\u003E\n  \u003Ca href=\u0022\/de\/spenden\/aufbau-einer-aussergewoehnlichen-wohngruppe-fuer-kinder\u0022 aria-labelledby=\u0022teaser-4978-title\u0022\u003E\n          \u003Cdiv class=\u0022donation-teaser-image\u0022\u003E\n        \n  \u003Cdiv class=\u0022field field--name-field-image field--type-entity-reference field--label-hidden field__items\u0022\u003E\n        \u003Cdiv class=\u0022field__item\u0022\u003E    \u003Cpicture\u003E\n                \u003C!--[if IE 9]\u003E\n      \u003Cvideo style=\u0022display: none;\u0022\u003E\u003C![endif]--\u003E\n              \u003Csource srcset=\u0022\/sites\/default\/files\/styles\/img_sm_4_3_bp_md\/public\/2024-01\/10888_cjd_bonn_kita_hq-65.jpg.webp?h=790be497\u0026amp;itok=x4EuUdJ5 1x\u0022 media=\u0022all and (min-width: 768px) and (max-width: 959px)\u0022 type=\u0022image\/webp\u0022 width=\u0022294\u0022 height=\u0022220\u0022\/\u003E\n              \u003Csource srcset=\u0022\/sites\/default\/files\/styles\/img_sm_4_3_bp_lg\/public\/2024-01\/10888_cjd_bonn_kita_hq-65.jpg.webp?h=790be497\u0026amp;itok=a-Bcz9k_ 1x\u0022 media=\u0022all and (min-width: 960px) and (max-width: 1439px)\u0022 type=\u0022image\/webp\u0022 width=\u0022438\u0022 height=\u0022328\u0022\/\u003E\n              \u003Csource srcset=\u0022\/sites\/default\/files\/styles\/img_sm_4_3_bp_xl\/public\/2024-01\/10888_cjd_bonn_kita_hq-65.jpg.webp?h=790be497\u0026amp;itok=aZgGWLXO 1x\u0022 media=\u0022all and (min-width: 1440px)\u0022 type=\u0022image\/webp\u0022 width=\u0022560\u0022 height=\u0022420\u0022\/\u003E\n            \u003C!--[if IE 9]\u003E\u003C\/video\u003E\u003C![endif]--\u003E\n            \u003Cimg loading=\u0022lazy\u0022 width=\u0022235\u0022 height=\u0022176\u0022 src=\u0022\/sites\/default\/files\/styles\/img_sm_4_3_bp_default\/public\/2024-01\/10888_cjd_bonn_kita_hq-65.jpg.jpg?h=790be497\u0026amp;itok=g93FxJLb\u0022 \/\u003E\n\n  \u003C\/picture\u003E\n\n\u003C\/div\u003E\n  \u003C\/div\u003E\n      \u003C\/div\u003E\n        \u003Cdiv class=\u0022donation-teaser-content\u0022\u003E\n\n      \u003Cdiv class=\u0022donation-project-insights\u0022\u003E\n                  \u003Cdiv class=\u0022bubble\u0022\u003E\n            \n  \u003Cdiv content=\u00229200.00\u0022 class=\u0022field field--name-field-project-cost field--type-decimal field--label-hidden field__items\u0022\u003E\n        \u003Cdiv content=\u00229200.00\u0022 class=\u0022field__item\u0022\u003E9.200 \u20ac\u003C\/div\u003E\n  \u003C\/div\u003E\n          \u003C\/div\u003E\n        \n              \u003C\/div\u003E\n      \u003Cdiv id=\u0022teaser-4978-title\u0022 class=\u0022donation-teaser-headline\u0022 role=\u0022heading\u0022 aria-level=\u00223\u0022\u003E \u003Cspan\u003EAufbau einer au\u00dfergew\u00f6hnlichen Wohngruppe f\u00fcr Kinder\u003C\/span\u003E\n \u003C\/div\u003E\n      \u003Cdiv class=\u0022donation-teaser-abstract\u0022\u003E \n  \u003Cdiv class=\u0022field field--name-field-abstract field--type-text-long field--label-hidden field__items\u0022\u003E\n        \u003Cdiv class=\u0022field__item\u0022\u003E  \u003Cp\u003EIn einer neuen Wohngruppe in Singen finden Kinder im Alter von 4 bis 12 Jahren ein Zuhause. Es...\u003C\/p\u003E\n\n\n\u003C\/div\u003E\n  \u003C\/div\u003E \u003C\/div\u003E\n    \u003C\/div\u003E\n  \u003C\/a\u003E\n\u003C\/article\u003E\n\n\u003Carticle id=\u0022rs_read_this\u0022 class=\u0022node node--type--donation-project node--view-mode--teaser\u0022\u003E\n  \u003Ca href=\u0022\/de\/spenden\/auf-dem-bodensee-mit-lilli\u0022 aria-labelledby=\u0022teaser-4081-title\u0022\u003E\n          \u003Cdiv class=\u0022donation-teaser-image\u0022\u003E\n        \n  \u003Cdiv class=\u0022field field--name-field-image field--type-entity-reference field--label-hidden field__items\u0022\u003E\n        \u003Cdiv class=\u0022field__item\u0022\u003E    \u003Cpicture\u003E\n                \u003C!--[if IE 9]\u003E\n      \u003Cvideo style=\u0022display: none;\u0022\u003E\u003C![endif]--\u003E\n              \u003Csource srcset=\u0022\/sites\/default\/files\/styles\/img_sm_4_3_bp_md\/public\/2023-11\/11617_foto-hafen-1_zg.jpg.webp?h=799055e9\u0026amp;itok=SFTRmXdz 1x\u0022 media=\u0022all and (min-width: 768px) and (max-width: 959px)\u0022 type=\u0022image\/webp\u0022 width=\u0022294\u0022 height=\u0022220\u0022\/\u003E\n              \u003Csource srcset=\u0022\/sites\/default\/files\/styles\/img_sm_4_3_bp_lg\/public\/2023-11\/11617_foto-hafen-1_zg.jpg.webp?h=799055e9\u0026amp;itok=SRyX-mTg 1x\u0022 media=\u0022all and (min-width: 960px) and (max-width: 1439px)\u0022 type=\u0022image\/webp\u0022 width=\u0022438\u0022 height=\u0022328\u0022\/\u003E\n              \u003Csource srcset=\u0022\/sites\/default\/files\/styles\/img_sm_4_3_bp_xl\/public\/2023-11\/11617_foto-hafen-1_zg.jpg.webp?h=799055e9\u0026amp;itok=eLb7CS3B 1x\u0022 media=\u0022all and (min-width: 1440px)\u0022 type=\u0022image\/webp\u0022 width=\u0022560\u0022 height=\u0022420\u0022\/\u003E\n            \u003C!--[if IE 9]\u003E\u003C\/video\u003E\u003C![endif]--\u003E\n            \u003Cimg loading=\u0022lazy\u0022 width=\u0022235\u0022 height=\u0022176\u0022 src=\u0022\/sites\/default\/files\/styles\/img_sm_4_3_bp_default\/public\/2023-11\/11617_foto-hafen-1_zg.jpg.jpg?h=799055e9\u0026amp;itok=64tlhFNv\u0022 \/\u003E\n\n  \u003C\/picture\u003E\n\n\u003C\/div\u003E\n  \u003C\/div\u003E\n      \u003C\/div\u003E\n        \u003Cdiv class=\u0022donation-teaser-content\u0022\u003E\n\n      \u003Cdiv class=\u0022donation-project-insights\u0022\u003E\n                  \u003Cdiv class=\u0022bubble\u0022\u003E\n            \n  \u003Cdiv content=\u00221000.00\u0022 class=\u0022field field--name-field-project-cost field--type-decimal field--label-hidden field__items\u0022\u003E\n        \u003Cdiv content=\u00221000.00\u0022 class=\u0022field__item\u0022\u003E1.000 \u20ac\u003C\/div\u003E\n  \u003C\/div\u003E\n          \u003C\/div\u003E\n        \n                  \u003Cdiv class=\u0022bubble\u0022\u003E\n            Lindau (B)\n          \u003C\/div\u003E\n              \u003C\/div\u003E\n      \u003Cdiv id=\u0022teaser-4081-title\u0022 class=\u0022donation-teaser-headline\u0022 role=\u0022heading\u0022 aria-level=\u00223\u0022\u003E \u003Cspan\u003EAuf dem Bodensee mit \u0026quot;Lilli\u0026quot;\u003C\/span\u003E\n \u003C\/div\u003E\n      \u003Cdiv class=\u0022donation-teaser-abstract\u0022\u003E \n  \u003Cdiv class=\u0022field field--name-field-abstract field--type-text-long field--label-hidden field__items\u0022\u003E\n        \u003Cdiv class=\u0022field__item\u0022\u003E  \u003Cp\u003EDas Segelboot \u0022Lilli\u0022 des CJD Sch\u00fclerwohnheims Lindau (Bodensee) hat bereits einen...\u003C\/p\u003E\n\n\n\u003C\/div\u003E\n  \u003C\/div\u003E \u003C\/div\u003E\n    \u003C\/div\u003E\n  \u003C\/a\u003E\n\u003C\/article\u003E\n\n\u003Carticle id=\u0022rs_read_this\u0022 class=\u0022node node--type--donation-project node--view-mode--teaser\u0022\u003E\n  \u003Ca href=\u0022\/de\/spenden\/mehr-als-ein-haarschnitt\u0022 aria-labelledby=\u0022teaser-5517-title\u0022\u003E\n          \u003Cdiv class=\u0022donation-teaser-image\u0022\u003E\n        \n  \u003Cdiv class=\u0022field field--name-field-image field--type-entity-reference field--label-hidden field__items\u0022\u003E\n        \u003Cdiv class=\u0022field__item\u0022\u003E    \u003Cpicture\u003E\n                \u003C!--[if IE 9]\u003E\n      \u003Cvideo style=\u0022display: none;\u0022\u003E\u003C![endif]--\u003E\n              \u003Csource srcset=\u0022\/sites\/default\/files\/styles\/img_sm_4_3_bp_md\/public\/2025-09\/33103_cjd_mr-shooting_friseur_hq-10.jpg.webp?h=7f6b1739\u0026amp;itok=_qOMIqny 1x\u0022 media=\u0022all and (min-width: 768px) and (max-width: 959px)\u0022 type=\u0022image\/webp\u0022 width=\u0022294\u0022 height=\u0022220\u0022\/\u003E\n              \u003Csource srcset=\u0022\/sites\/default\/files\/styles\/img_sm_4_3_bp_lg\/public\/2025-09\/33103_cjd_mr-shooting_friseur_hq-10.jpg.webp?h=7f6b1739\u0026amp;itok=ktCUzecK 1x\u0022 media=\u0022all and (min-width: 960px) and (max-width: 1439px)\u0022 type=\u0022image\/webp\u0022 width=\u0022438\u0022 height=\u0022328\u0022\/\u003E\n              \u003Csource srcset=\u0022\/sites\/default\/files\/styles\/img_sm_4_3_bp_xl\/public\/2025-09\/33103_cjd_mr-shooting_friseur_hq-10.jpg.webp?h=7f6b1739\u0026amp;itok=ch7pOk-J 1x\u0022 media=\u0022all and (min-width: 1440px)\u0022 type=\u0022image\/webp\u0022 width=\u0022560\u0022 height=\u0022420\u0022\/\u003E\n            \u003C!--[if IE 9]\u003E\u003C\/video\u003E\u003C![endif]--\u003E\n            \u003Cimg loading=\u0022lazy\u0022 width=\u0022235\u0022 height=\u0022176\u0022 src=\u0022\/sites\/default\/files\/styles\/img_sm_4_3_bp_default\/public\/2025-09\/33103_cjd_mr-shooting_friseur_hq-10.jpg.jpg?h=7f6b1739\u0026amp;itok=eCTXhN9w\u0022 \/\u003E\n\n  \u003C\/picture\u003E\n\n\u003C\/div\u003E\n  \u003C\/div\u003E\n      \u003C\/div\u003E\n        \u003Cdiv class=\u0022donation-teaser-content\u0022\u003E\n\n      \u003Cdiv class=\u0022donation-project-insights\u0022\u003E\n                  \u003Cdiv class=\u0022bubble\u0022\u003E\n            \n  \u003Cdiv content=\u00229900.00\u0022 class=\u0022field field--name-field-project-cost field--type-decimal field--label-hidden field__items\u0022\u003E\n        \u003Cdiv content=\u00229900.00\u0022 class=\u0022field__item\u0022\u003E9.900 \u20ac\u003C\/div\u003E\n  \u003C\/div\u003E\n          \u003C\/div\u003E\n        \n                  \u003Cdiv class=\u0022bubble\u0022\u003E\n            Kirchheim unter Teck\n          \u003C\/div\u003E\n              \u003C\/div\u003E\n      \u003Cdiv id=\u0022teaser-5517-title\u0022 class=\u0022donation-teaser-headline\u0022 role=\u0022heading\u0022 aria-level=\u00223\u0022\u003E \u003Cspan\u003EMehr als ein Haarschnitt\u003C\/span\u003E\n \u003C\/div\u003E\n      \u003Cdiv class=\u0022donation-teaser-abstract\u0022\u003E \n  \u003Cdiv class=\u0022field field--name-field-abstract field--type-text-long field--label-hidden field__items\u0022\u003E\n        \u003Cdiv class=\u0022field__item\u0022\u003E  \u003Cp\u003ESeit diesem Ausbildungsjahr gibt es im CJD Kirchheim\/Teck die Reha-Ausbildung zum\/zur Friseur\/in...\u003C\/p\u003E\n\n\n\u003C\/div\u003E\n  \u003C\/div\u003E \u003C\/div\u003E\n    \u003C\/div\u003E\n  \u003C\/a\u003E\n\u003C\/article\u003E\n\n\u003Carticle id=\u0022rs_read_this\u0022 class=\u0022node node--type--donation-project node--view-mode--teaser\u0022\u003E\n  \u003Ca href=\u0022\/de\/spenden\/tablets-fuer-digitale-teilhabe\u0022 aria-labelledby=\u0022teaser-4056-title\u0022\u003E\n          \u003Cdiv class=\u0022donation-teaser-image\u0022\u003E\n        \n  \u003Cdiv class=\u0022field field--name-field-image field--type-entity-reference field--label-hidden field__items\u0022\u003E\n        \u003Cdiv class=\u0022field__item\u0022\u003E    \u003Cpicture\u003E\n                \u003C!--[if IE 9]\u003E\n      \u003Cvideo style=\u0022display: none;\u0022\u003E\u003C![endif]--\u003E\n              \u003Csource srcset=\u0022\/sites\/default\/files\/styles\/img_sm_4_3_bp_md\/public\/2024-06\/5468_friends_hq-18.jpg.webp?h=a657dfa1\u0026amp;itok=ydhoApjP 1x\u0022 media=\u0022all and (min-width: 768px) and (max-width: 959px)\u0022 type=\u0022image\/webp\u0022 width=\u0022294\u0022 height=\u0022220\u0022\/\u003E\n              \u003Csource srcset=\u0022\/sites\/default\/files\/styles\/img_sm_4_3_bp_lg\/public\/2024-06\/5468_friends_hq-18.jpg.webp?h=a657dfa1\u0026amp;itok=o-FZrZc1 1x\u0022 media=\u0022all and (min-width: 960px) and (max-width: 1439px)\u0022 type=\u0022image\/webp\u0022 width=\u0022438\u0022 height=\u0022328\u0022\/\u003E\n              \u003Csource srcset=\u0022\/sites\/default\/files\/styles\/img_sm_4_3_bp_xl\/public\/2024-06\/5468_friends_hq-18.jpg.webp?h=a657dfa1\u0026amp;itok=5R4MMnfP 1x\u0022 media=\u0022all and (min-width: 1440px)\u0022 type=\u0022image\/webp\u0022 width=\u0022560\u0022 height=\u0022420\u0022\/\u003E\n            \u003C!--[if IE 9]\u003E\u003C\/video\u003E\u003C![endif]--\u003E\n            \u003Cimg loading=\u0022lazy\u0022 width=\u0022235\u0022 height=\u0022176\u0022 src=\u0022\/sites\/default\/files\/styles\/img_sm_4_3_bp_default\/public\/2024-06\/5468_friends_hq-18.jpg.jpg?h=a657dfa1\u0026amp;itok=1JULa1qH\u0022 \/\u003E\n\n  \u003C\/picture\u003E\n\n\u003C\/div\u003E\n  \u003C\/div\u003E\n      \u003C\/div\u003E\n        \u003Cdiv class=\u0022donation-teaser-content\u0022\u003E\n\n      \u003Cdiv class=\u0022donation-project-insights\u0022\u003E\n                  \u003Cdiv class=\u0022bubble\u0022\u003E\n            \n  \u003Cdiv content=\u00229000.00\u0022 class=\u0022field field--name-field-project-cost field--type-decimal field--label-hidden field__items\u0022\u003E\n        \u003Cdiv content=\u00229000.00\u0022 class=\u0022field__item\u0022\u003E9.000 \u20ac\u003C\/div\u003E\n  \u003C\/div\u003E\n          \u003C\/div\u003E\n        \n                  \u003Cdiv class=\u0022bubble\u0022\u003E\n            Stuttgart\n          \u003C\/div\u003E\n              \u003C\/div\u003E\n      \u003Cdiv id=\u0022teaser-4056-title\u0022 class=\u0022donation-teaser-headline\u0022 role=\u0022heading\u0022 aria-level=\u00223\u0022\u003E \u003Cspan\u003ETablets f\u00fcr digitale Teilhabe\u003C\/span\u003E\n \u003C\/div\u003E\n      \u003Cdiv class=\u0022donation-teaser-abstract\u0022\u003E \n  \u003Cdiv class=\u0022field field--name-field-abstract field--type-text-long field--label-hidden field__items\u0022\u003E\n        \u003Cdiv class=\u0022field__item\u0022\u003E  \u003Cp\u003EMit Ihrer Unterst\u00fctzung m\u00f6chten wir Tablets anschaffen, um unseren Teilnehmenden in der Beruflichen...\u003C\/p\u003E\n\n\n\u003C\/div\u003E\n  \u003C\/div\u003E \u003C\/div\u003E\n    \u003C\/div\u003E\n  \u003C\/a\u003E\n\u003C\/article\u003E\n","entity_type":"node","used_ids":["",6988,6951,6745,6258,5954,4978,4081,5517,4056],"show_more":""}]