[{"command":"settings","settings":{"pluralDelimiter":"\u0003","suppressDeprecationErrors":true,"ajaxPageState":{"libraries":"eJxLqcxLzM1Mjk_NK8ksqYzPySwu0S_OyC-Pz80vSgUAtBcL_w","theme":"cjd","theme_token":null},"ajaxTrustedUrl":[],"csp":{"nonce":"hpxaqziYIJLIk2cPdTNhhA"},"user":{"uid":0,"permissionsHash":"c1125b369a7e15b13772875c04cea41b0b84fabb44b759d8275303f5723b9ee7"}},"merge":true},{"command":"add_css","data":[{"rel":"stylesheet","media":"all","href":"\/sites\/default\/files\/css\/css_KLr2cejCds13yXbN6XzQjMRzmef65rerdAzUrRFWqn8.css?delta=0\u0026language=de\u0026theme=cjd\u0026include=eJxLzi9K1U8pKi1IzNFLzEqsAAA0wAYz"},{"rel":"stylesheet","media":"all","href":"\/sites\/default\/files\/css\/css_b1LJgX55_PliihHpD7ahvFnlUq8xUspelw3mtrlm3xw.css?delta=1\u0026language=de\u0026theme=cjd\u0026include=eJxLzi9K1U8pKi1IzNFLzEqsAAA0wAYz"}]},{"command":"add_js","selector":"body","data":[{"src":"\/core\/assets\/vendor\/jquery\/jquery.min.js?v=4.0.0"},{"src":"\/sites\/default\/files\/js\/js_C7ImIHujF8oAdQn3tYZ7OWQxkGPDZHWu2ue3AARt0DM.js?scope=footer\u0026delta=1\u0026language=de\u0026theme=cjd\u0026include=eJxLqcxLzM1Mjk_NK8ksqYzPySwu0S_OyC-Pz80vSgUAtBcL_w"}]},{"command":"showMoreTeasers","id":"del--paragraph-13993","content":"\n\n\u003Carticle  class=\u0022node node--type--article node--view-mode--compact swiper-slide\u0022\u003E\n  \u003Ca href=\u0022https:\/\/www.cjd.de\/de\/pressemitteilungen\/cjd-praesidentin-im-amt-bestaetigt\u0022 aria-labelledby=\u0022teaser-2882-title\u0022\u003E\n    \u003Cdiv class=\u0022teaser-image\u0022\u003E\n        \u003Cfigure class=\u0022article--teaser-image\u0022\u003E\n        \u003Cpicture\u003E\n                \u003C!--[if IE 9]\u003E\n      \u003Cvideo style=\u0022display: none;\u0022\u003E\u003C![endif]--\u003E\n              \u003Csource srcset=\u0022\/sites\/default\/files\/styles\/img_xl_1_1_bp_md\/public\/2024-06\/28984_smw05623.jpg.webp?h=14e0d94d\u0026amp;itok=NnFtyj6d 1x\u0022 media=\u0022all and (min-width: 768px) and (max-width: 959px)\u0022 type=\u0022image\/webp\u0022 width=\u0022734\u0022 height=\u0022734\u0022\/\u003E\n              \u003Csource srcset=\u0022\/sites\/default\/files\/styles\/img_xl_1_1_bp_lg\/public\/2024-06\/28984_smw05623.jpg.webp?h=14e0d94d\u0026amp;itok=e0XDbT_C 1x\u0022 media=\u0022all and (min-width: 960px) and (max-width: 1439px)\u0022 type=\u0022image\/webp\u0022 width=\u00221094\u0022 height=\u00221094\u0022\/\u003E\n              \u003Csource srcset=\u0022\/sites\/default\/files\/styles\/img_xl_1_1_bp_xl\/public\/2024-06\/28984_smw05623.jpg.webp?h=14e0d94d\u0026amp;itok=Unwi8AnD 1x\u0022 media=\u0022all and (min-width: 1440px)\u0022 type=\u0022image\/webp\u0022 width=\u00221400\u0022 height=\u00221400\u0022\/\u003E\n            \u003C!--[if IE 9]\u003E\u003C\/video\u003E\u003C![endif]--\u003E\n            \u003Cimg loading=\u0022lazy\u0022 width=\u0022587\u0022 height=\u0022587\u0022 src=\u0022\/sites\/default\/files\/styles\/img_xl_1_1_bp_default\/public\/2024-06\/28984_smw05623.jpg.jpg?h=14e0d94d\u0026amp;itok=CscTCOMr\u0022 alt=\u0022Gruppenbild des neuen Pr\u00e4sidium des CJD \u0022 \/\u003E\n\n  \u003C\/picture\u003E\n\n\n      \u003C\/figure\u003E\n\n    \u003C\/div\u003E\n\n    \u003Cdiv class=\u0022teaser-content\u0022\u003E\n      \u003Cdiv class=\u0022article-info\u0022\u003E\n        \u003Cspan\u003E\n  \u003Cdiv class=\u0022field field--name-field-article-category field--type-entity-reference field--label-hidden field__items\u0022\u003E\n        \u003Cdiv class=\u0022field__item\u0022\u003EPressemitteilungen\u003C\/div\u003E\n  \u003C\/div\u003E\u003C\/span\u003E\n                  \u003Cspan class=\u0022separator\u0022\u003E|\u003C\/span\u003E\n          \u003Cspan\u003E\u003Ctime datetime=\u00222024-06-21T12:00:00Z\u0022\u003E21. Juni 2024\u003C\/time\u003E\n\u003C\/span\u003E\n              \u003C\/div\u003E\n      \u003Cdiv class=\u0022article-teaser-text\u0022\u003E\n                \n                                        \u003Cdiv id=\u0022teaser-2882-title\u0022\n                 class=\u0022article-headline\u0022\n                 role=\u0022heading\u0022\n                 aria-level=\u00223\u0022\u003E\n                \u003Cp\u003ECJD Pr\u00e4sidentin im Amt best\u00e4tigt - CJD Mitglieder w\u00e4hlen erneut Dr...\u003C\/p\u003E\n\n\n\n            \u003C\/div\u003E\n          \n                      \u003Cdiv class=\u0022article-abstract\u0022\u003E\n              \n\n  \u003Cdiv class=\u0022article--teaser-body\u0022\u003E  \u003Cp\u003EEine im Amt best\u00e4tigte Pr\u00e4sidentin, zwei...\u003C\/p\u003E\n\n\n\u003C\/div\u003E\n\n            \u003C\/div\u003E\n                        \u003C\/div\u003E\n      \u003Cdiv class=\u0022btn btn-primary\u0022 aria-hidden=\u0022true\u0022\u003E\u003C\/div\u003E\n    \u003C\/div\u003E\n  \u003C\/a\u003E\n\u003C\/article\u003E\n\n\n\u003Carticle  class=\u0022node node--type--article node--view-mode--compact swiper-slide\u0022\u003E\n  \u003Ca href=\u0022https:\/\/www.cjd.de\/de\/pressemitteilungen\/ehemaliger-cjd-vorstand-berthold-kuhn-wird-75\u0022 aria-labelledby=\u0022teaser-2561-title\u0022\u003E\n    \u003Cdiv class=\u0022teaser-image\u0022\u003E\n        \u003Cfigure class=\u0022article--teaser-image\u0022\u003E\n        \u003Cpicture\u003E\n                \u003C!--[if IE 9]\u003E\n      \u003Cvideo style=\u0022display: none;\u0022\u003E\u003C![endif]--\u003E\n              \u003Csource srcset=\u0022\/sites\/default\/files\/styles\/img_xl_1_1_bp_md\/public\/2023-08\/9750_3.png.webp?h=45eca6a9\u0026amp;itok=Xaz_eBe8 1x\u0022 media=\u0022all and (min-width: 768px) and (max-width: 959px)\u0022 type=\u0022image\/webp\u0022 width=\u0022734\u0022 height=\u0022734\u0022\/\u003E\n              \u003Csource srcset=\u0022\/sites\/default\/files\/styles\/img_xl_1_1_bp_lg\/public\/2023-08\/9750_3.png.webp?h=45eca6a9\u0026amp;itok=Ntrl_LuQ 1x\u0022 media=\u0022all and (min-width: 960px) and (max-width: 1439px)\u0022 type=\u0022image\/webp\u0022 width=\u00221094\u0022 height=\u00221094\u0022\/\u003E\n              \u003Csource srcset=\u0022\/sites\/default\/files\/styles\/img_xl_1_1_bp_xl\/public\/2023-08\/9750_3.png.webp?h=45eca6a9\u0026amp;itok=0GU4r69g 1x\u0022 media=\u0022all and (min-width: 1440px)\u0022 type=\u0022image\/webp\u0022 width=\u00221400\u0022 height=\u00221400\u0022\/\u003E\n            \u003C!--[if IE 9]\u003E\u003C\/video\u003E\u003C![endif]--\u003E\n            \u003Cimg loading=\u0022lazy\u0022 width=\u0022587\u0022 height=\u0022587\u0022 src=\u0022\/sites\/default\/files\/styles\/img_xl_1_1_bp_default\/public\/2023-08\/9750_3.png.jpg?h=45eca6a9\u0026amp;itok=skYq6yTV\u0022 alt=\u0022Ehemaliger CJD Vorstand Berthold Kuhn\u0022 \/\u003E\n\n  \u003C\/picture\u003E\n\n\n      \u003C\/figure\u003E\n\n    \u003C\/div\u003E\n\n    \u003Cdiv class=\u0022teaser-content\u0022\u003E\n      \u003Cdiv class=\u0022article-info\u0022\u003E\n        \u003Cspan\u003E\n  \u003Cdiv class=\u0022field field--name-field-article-category field--type-entity-reference field--label-hidden field__items\u0022\u003E\n        \u003Cdiv class=\u0022field__item\u0022\u003EPressemitteilungen\u003C\/div\u003E\n  \u003C\/div\u003E\u003C\/span\u003E\n                  \u003Cspan class=\u0022separator\u0022\u003E|\u003C\/span\u003E\n          \u003Cspan\u003E\u003Ctime datetime=\u00222024-05-10T12:00:00Z\u0022\u003E10. Mai 2024\u003C\/time\u003E\n\u003C\/span\u003E\n              \u003C\/div\u003E\n      \u003Cdiv class=\u0022article-teaser-text\u0022\u003E\n                \n                                        \u003Cdiv id=\u0022teaser-2561-title\u0022\n                 class=\u0022article-headline\u0022\n                 role=\u0022heading\u0022\n                 aria-level=\u00223\u0022\u003E\n                \u003Cp\u003EEin Leben im Dienst der Bildung und Jugend: Ehemaliger CJD Vorstand...\u003C\/p\u003E\n\n\n\n            \u003C\/div\u003E\n          \n                      \u003Cdiv class=\u0022article-abstract\u0022\u003E\n              \n\n  \u003Cdiv class=\u0022article--teaser-body\u0022\u003E  \u003Cp\u003EAm 11. Mai feiert Berthold Kuhn, der...\u003C\/p\u003E\n\n\n\u003C\/div\u003E\n\n            \u003C\/div\u003E\n                        \u003C\/div\u003E\n      \u003Cdiv class=\u0022btn btn-primary\u0022 aria-hidden=\u0022true\u0022\u003E\u003C\/div\u003E\n    \u003C\/div\u003E\n  \u003C\/a\u003E\n\u003C\/article\u003E\n\n\n\u003Carticle  class=\u0022node node--type--article node--view-mode--compact swiper-slide\u0022\u003E\n  \u003Ca href=\u0022https:\/\/www.cjd.de\/de\/pressemitteilungen\/ehemaliger-cjd-vorstand-hartmut-huehnerbein-wird-75-jahre-alt\u0022 aria-labelledby=\u0022teaser-2337-title\u0022\u003E\n    \u003Cdiv class=\u0022teaser-image\u0022\u003E\n        \u003Cfigure class=\u0022article--teaser-image\u0022\u003E\n        \u003Cpicture\u003E\n                \u003C!--[if IE 9]\u003E\n      \u003Cvideo style=\u0022display: none;\u0022\u003E\u003C![endif]--\u003E\n              \u003Csource srcset=\u0022\/sites\/default\/files\/styles\/img_xl_1_1_bp_md\/public\/2024-03\/20710_hhuehnerbein75_cjd.png.webp?h=ddb1ad0c\u0026amp;itok=BkdR4a0Z 1x\u0022 media=\u0022all and (min-width: 768px) and (max-width: 959px)\u0022 type=\u0022image\/webp\u0022 width=\u0022734\u0022 height=\u0022734\u0022\/\u003E\n              \u003Csource srcset=\u0022\/sites\/default\/files\/styles\/img_xl_1_1_bp_lg\/public\/2024-03\/20710_hhuehnerbein75_cjd.png.webp?h=ddb1ad0c\u0026amp;itok=sYnNM8Ui 1x\u0022 media=\u0022all and (min-width: 960px) and (max-width: 1439px)\u0022 type=\u0022image\/webp\u0022 width=\u00221094\u0022 height=\u00221094\u0022\/\u003E\n              \u003Csource srcset=\u0022\/sites\/default\/files\/styles\/img_xl_1_1_bp_xl\/public\/2024-03\/20710_hhuehnerbein75_cjd.png.webp?h=ddb1ad0c\u0026amp;itok=OFgbE56g 1x\u0022 media=\u0022all and (min-width: 1440px)\u0022 type=\u0022image\/webp\u0022 width=\u00221400\u0022 height=\u00221400\u0022\/\u003E\n            \u003C!--[if IE 9]\u003E\u003C\/video\u003E\u003C![endif]--\u003E\n            \u003Cimg loading=\u0022lazy\u0022 width=\u0022587\u0022 height=\u0022587\u0022 src=\u0022\/sites\/default\/files\/styles\/img_xl_1_1_bp_default\/public\/2024-03\/20710_hhuehnerbein75_cjd.png.jpg?h=ddb1ad0c\u0026amp;itok=hGEtB5QV\u0022 alt=\u0022Ehemaliger CJD Vorstand Hartmut H\u00fchnerbein\u0022 \/\u003E\n\n  \u003C\/picture\u003E\n\n\n      \u003C\/figure\u003E\n\n    \u003C\/div\u003E\n\n    \u003Cdiv class=\u0022teaser-content\u0022\u003E\n      \u003Cdiv class=\u0022article-info\u0022\u003E\n        \u003Cspan\u003E\n  \u003Cdiv class=\u0022field field--name-field-article-category field--type-entity-reference field--label-hidden field__items\u0022\u003E\n        \u003Cdiv class=\u0022field__item\u0022\u003EPressemitteilungen\u003C\/div\u003E\n  \u003C\/div\u003E\u003C\/span\u003E\n                  \u003Cspan class=\u0022separator\u0022\u003E|\u003C\/span\u003E\n          \u003Cspan\u003E\u003Ctime datetime=\u00222024-03-07T12:00:00Z\u0022\u003E07. M\u00e4rz 2024\u003C\/time\u003E\n\u003C\/span\u003E\n              \u003C\/div\u003E\n      \u003Cdiv class=\u0022article-teaser-text\u0022\u003E\n                \n                                        \u003Cdiv id=\u0022teaser-2337-title\u0022\n                 class=\u0022article-headline\u0022\n                 role=\u0022heading\u0022\n                 aria-level=\u00223\u0022\u003E\n                \u003Cp\u003EFachliches K\u00f6nnen und menschliche W\u00e4rme\u003C\/p\u003E\n\n\n\n            \u003C\/div\u003E\n          \n                      \u003Cdiv class=\u0022article-abstract\u0022\u003E\n              \n\n  \u003Cdiv class=\u0022article--teaser-body\u0022\u003E  \u003Cp\u003EAm 7. M\u00e4rz feiert der ehemalige CJD...\u003C\/p\u003E\n\n\n\u003C\/div\u003E\n\n            \u003C\/div\u003E\n                        \u003C\/div\u003E\n      \u003Cdiv class=\u0022btn btn-primary\u0022 aria-hidden=\u0022true\u0022\u003E\u003C\/div\u003E\n    \u003C\/div\u003E\n  \u003C\/a\u003E\n\u003C\/article\u003E\n\n\n\u003Carticle  class=\u0022node node--type--article node--view-mode--compact swiper-slide\u0022\u003E\n  \u003Ca href=\u0022https:\/\/www.cjd.de\/de\/pressemitteilungen\/cjd-trauert-um-seinen-ehemaligen-praesidenten\u0022 aria-labelledby=\u0022teaser-2260-title\u0022\u003E\n    \u003Cdiv class=\u0022teaser-image\u0022\u003E\n        \u003Cfigure class=\u0022article--teaser-image\u0022\u003E\n        \u003Cpicture\u003E\n                \u003C!--[if IE 9]\u003E\n      \u003Cvideo style=\u0022display: none;\u0022\u003E\u003C![endif]--\u003E\n              \u003Csource srcset=\u0022\/sites\/default\/files\/styles\/img_xl_1_1_bp_md\/public\/2024-02\/Design%20ohne%20Titel%20%2813%29%201%20%281%29_0.png.webp?h=c3635fa2\u0026amp;itok=2jCT9Fcj 1x\u0022 media=\u0022all and (min-width: 768px) and (max-width: 959px)\u0022 type=\u0022image\/webp\u0022 width=\u0022734\u0022 height=\u0022734\u0022\/\u003E\n              \u003Csource srcset=\u0022\/sites\/default\/files\/styles\/img_xl_1_1_bp_lg\/public\/2024-02\/Design%20ohne%20Titel%20%2813%29%201%20%281%29_0.png.webp?h=c3635fa2\u0026amp;itok=cUxCall6 1x\u0022 media=\u0022all and (min-width: 960px) and (max-width: 1439px)\u0022 type=\u0022image\/webp\u0022 width=\u00221094\u0022 height=\u00221094\u0022\/\u003E\n              \u003Csource srcset=\u0022\/sites\/default\/files\/styles\/img_xl_1_1_bp_xl\/public\/2024-02\/Design%20ohne%20Titel%20%2813%29%201%20%281%29_0.png.webp?h=c3635fa2\u0026amp;itok=lhYZrwUt 1x\u0022 media=\u0022all and (min-width: 1440px)\u0022 type=\u0022image\/webp\u0022 width=\u00221400\u0022 height=\u00221400\u0022\/\u003E\n            \u003C!--[if IE 9]\u003E\u003C\/video\u003E\u003C![endif]--\u003E\n            \u003Cimg loading=\u0022lazy\u0022 width=\u0022587\u0022 height=\u0022587\u0022 src=\u0022\/sites\/default\/files\/styles\/img_xl_1_1_bp_default\/public\/2024-02\/Design%20ohne%20Titel%20%2813%29%201%20%281%29_0.png.jpg?h=c3635fa2\u0026amp;itok=CBilngem\u0022 alt=\u0022Schwarz-wei\u00df Darstellung einer Pflanze\u0022 \/\u003E\n\n  \u003C\/picture\u003E\n\n\n      \u003C\/figure\u003E\n\n    \u003C\/div\u003E\n\n    \u003Cdiv class=\u0022teaser-content\u0022\u003E\n      \u003Cdiv class=\u0022article-info\u0022\u003E\n        \u003Cspan\u003E\n  \u003Cdiv class=\u0022field field--name-field-article-category field--type-entity-reference field--label-hidden field__items\u0022\u003E\n        \u003Cdiv class=\u0022field__item\u0022\u003EPressemitteilungen\u003C\/div\u003E\n  \u003C\/div\u003E\u003C\/span\u003E\n                  \u003Cspan class=\u0022separator\u0022\u003E|\u003C\/span\u003E\n          \u003Cspan\u003E\u003Ctime datetime=\u00222024-02-09T12:00:00Z\u0022\u003E09. Februar 2024\u003C\/time\u003E\n\u003C\/span\u003E\n              \u003C\/div\u003E\n      \u003Cdiv class=\u0022article-teaser-text\u0022\u003E\n                \n                                        \u003Cdiv id=\u0022teaser-2260-title\u0022\n                 class=\u0022article-headline\u0022\n                 role=\u0022heading\u0022\n                 aria-level=\u00223\u0022\u003E\n                \u003Cp\u003ELebenslange Hingabe und aktive Gestaltung der Gesellschaft - CJD...\u003C\/p\u003E\n\n\n\n            \u003C\/div\u003E\n          \n                      \u003Cdiv class=\u0022article-abstract\u0022\u003E\n              \n\n  \u003Cdiv class=\u0022article--teaser-body\u0022\u003E  \u003Cp\u003EDas Christliche Jugenddorfwerk...\u003C\/p\u003E\n\n\n\u003C\/div\u003E\n\n            \u003C\/div\u003E\n                        \u003C\/div\u003E\n      \u003Cdiv class=\u0022btn btn-primary\u0022 aria-hidden=\u0022true\u0022\u003E\u003C\/div\u003E\n    \u003C\/div\u003E\n  \u003C\/a\u003E\n\u003C\/article\u003E\n\n\n\u003Carticle  class=\u0022node node--type--article node--view-mode--compact swiper-slide\u0022\u003E\n  \u003Ca href=\u0022https:\/\/www.cjd.de\/de\/pressemitteilungen\/cjd-kita-moosbeerenweg-nationale-auszeichnung-bildung-fuer-nachhaltige\u0022 aria-labelledby=\u0022teaser-2169-title\u0022\u003E\n    \u003Cdiv class=\u0022teaser-image\u0022\u003E\n        \u003Cfigure class=\u0022article--teaser-image\u0022\u003E\n        \u003Cpicture\u003E\n                \u003C!--[if IE 9]\u003E\n      \u003Cvideo style=\u0022display: none;\u0022\u003E\u003C![endif]--\u003E\n              \u003Csource srcset=\u0022\/sites\/default\/files\/styles\/img_xl_1_1_bp_md\/public\/2024-01\/10888_cjd_bonn_kita_hq-65.jpg.webp?h=790be497\u0026amp;itok=Dd3V-ke2 1x\u0022 media=\u0022all and (min-width: 768px) and (max-width: 959px)\u0022 type=\u0022image\/webp\u0022 width=\u0022734\u0022 height=\u0022734\u0022\/\u003E\n              \u003Csource srcset=\u0022\/sites\/default\/files\/styles\/img_xl_1_1_bp_lg\/public\/2024-01\/10888_cjd_bonn_kita_hq-65.jpg.webp?h=790be497\u0026amp;itok=GTkmqYw5 1x\u0022 media=\u0022all and (min-width: 960px) and (max-width: 1439px)\u0022 type=\u0022image\/webp\u0022 width=\u00221094\u0022 height=\u00221094\u0022\/\u003E\n              \u003Csource srcset=\u0022\/sites\/default\/files\/styles\/img_xl_1_1_bp_xl\/public\/2024-01\/10888_cjd_bonn_kita_hq-65.jpg.webp?h=790be497\u0026amp;itok=IzfrzvKL 1x\u0022 media=\u0022all and (min-width: 1440px)\u0022 type=\u0022image\/webp\u0022 width=\u00221400\u0022 height=\u00221400\u0022\/\u003E\n            \u003C!--[if IE 9]\u003E\u003C\/video\u003E\u003C![endif]--\u003E\n            \u003Cimg loading=\u0022lazy\u0022 width=\u0022587\u0022 height=\u0022587\u0022 src=\u0022\/sites\/default\/files\/styles\/img_xl_1_1_bp_default\/public\/2024-01\/10888_cjd_bonn_kita_hq-65.jpg.jpg?h=790be497\u0026amp;itok=Kdi9xEMO\u0022 alt=\u0022Kind der CJD Kita Moosbeerenweg im Kita-Garten\u0022 \/\u003E\n\n  \u003C\/picture\u003E\n\n\n      \u003C\/figure\u003E\n\n    \u003C\/div\u003E\n\n    \u003Cdiv class=\u0022teaser-content\u0022\u003E\n      \u003Cdiv class=\u0022article-info\u0022\u003E\n        \u003Cspan\u003E\n  \u003Cdiv class=\u0022field field--name-field-article-category field--type-entity-reference field--label-hidden field__items\u0022\u003E\n        \u003Cdiv class=\u0022field__item\u0022\u003EPressemitteilungen\u003C\/div\u003E\n  \u003C\/div\u003E\u003C\/span\u003E\n                  \u003Cspan class=\u0022separator\u0022\u003E|\u003C\/span\u003E\n          \u003Cspan\u003E\u003Ctime datetime=\u00222024-01-26T12:00:00Z\u0022\u003E26. Januar 2024\u003C\/time\u003E\n\u003C\/span\u003E\n              \u003C\/div\u003E\n      \u003Cdiv class=\u0022article-teaser-text\u0022\u003E\n                \n                                        \u003Cdiv id=\u0022teaser-2169-title\u0022\n                 class=\u0022article-headline\u0022\n                 role=\u0022heading\u0022\n                 aria-level=\u00223\u0022\u003E\n                \u003Cp\u003EAuszeichnung f\u00fcr CJD Kita Moosbeerenweg: Kleine Leute in gro\u00dfer...\u003C\/p\u003E\n\n\n\n            \u003C\/div\u003E\n          \n                      \u003Cdiv class=\u0022article-abstract\u0022\u003E\n              \n\n  \u003Cdiv class=\u0022article--teaser-body\u0022\u003E  \u003Cp\u003ECJD Kita Moosbeerenweg in Troisdorf...\u003C\/p\u003E\n\n\n\u003C\/div\u003E\n\n            \u003C\/div\u003E\n                        \u003C\/div\u003E\n      \u003Cdiv class=\u0022btn btn-primary\u0022 aria-hidden=\u0022true\u0022\u003E\u003C\/div\u003E\n    \u003C\/div\u003E\n  \u003C\/a\u003E\n\u003C\/article\u003E\n\n\n\u003Carticle  class=\u0022node node--type--article node--view-mode--compact swiper-slide\u0022\u003E\n  \u003Ca href=\u0022https:\/\/www.cjd.de\/de\/pressemitteilungen\/30-dienstjubilaeum-fuer-cjd-vorstaendin-petra-densborn\u0022 aria-labelledby=\u0022teaser-2060-title\u0022\u003E\n    \u003Cdiv class=\u0022teaser-image\u0022\u003E\n        \u003Cfigure class=\u0022article--teaser-image\u0022\u003E\n        \u003Cpicture\u003E\n                \u003C!--[if IE 9]\u003E\n      \u003Cvideo style=\u0022display: none;\u0022\u003E\u003C![endif]--\u003E\n              \u003Csource srcset=\u0022\/sites\/default\/files\/styles\/img_xl_1_1_bp_md\/public\/2023-12\/11874_petra-densborn.jpg.webp?h=b3660f0d\u0026amp;itok=Qgx0QM4A 1x\u0022 media=\u0022all and (min-width: 768px) and (max-width: 959px)\u0022 type=\u0022image\/webp\u0022 width=\u0022734\u0022 height=\u0022734\u0022\/\u003E\n              \u003Csource srcset=\u0022\/sites\/default\/files\/styles\/img_xl_1_1_bp_lg\/public\/2023-12\/11874_petra-densborn.jpg.webp?h=b3660f0d\u0026amp;itok=2vrt7frl 1x\u0022 media=\u0022all and (min-width: 960px) and (max-width: 1439px)\u0022 type=\u0022image\/webp\u0022 width=\u00221094\u0022 height=\u00221094\u0022\/\u003E\n              \u003Csource srcset=\u0022\/sites\/default\/files\/styles\/img_xl_1_1_bp_xl\/public\/2023-12\/11874_petra-densborn.jpg.webp?h=b3660f0d\u0026amp;itok=ILBhJUEA 1x\u0022 media=\u0022all and (min-width: 1440px)\u0022 type=\u0022image\/webp\u0022 width=\u00221400\u0022 height=\u00221400\u0022\/\u003E\n            \u003C!--[if IE 9]\u003E\u003C\/video\u003E\u003C![endif]--\u003E\n            \u003Cimg loading=\u0022lazy\u0022 width=\u0022587\u0022 height=\u0022587\u0022 src=\u0022\/sites\/default\/files\/styles\/img_xl_1_1_bp_default\/public\/2023-12\/11874_petra-densborn.jpg.jpg?h=b3660f0d\u0026amp;itok=PTPuybjR\u0022 alt=\u0022CJD Vorst\u00e4ndin Petra Densborn\u0022 \/\u003E\n\n  \u003C\/picture\u003E\n\n\n      \u003C\/figure\u003E\n\n    \u003C\/div\u003E\n\n    \u003Cdiv class=\u0022teaser-content\u0022\u003E\n      \u003Cdiv class=\u0022article-info\u0022\u003E\n        \u003Cspan\u003E\n  \u003Cdiv class=\u0022field field--name-field-article-category field--type-entity-reference field--label-hidden field__items\u0022\u003E\n        \u003Cdiv class=\u0022field__item\u0022\u003EPressemitteilungen\u003C\/div\u003E\n  \u003C\/div\u003E\u003C\/span\u003E\n                  \u003Cspan class=\u0022separator\u0022\u003E|\u003C\/span\u003E\n          \u003Cspan\u003E\u003Ctime datetime=\u00222024-01-02T12:00:00Z\u0022\u003E02. Januar 2024\u003C\/time\u003E\n\u003C\/span\u003E\n              \u003C\/div\u003E\n      \u003Cdiv class=\u0022article-teaser-text\u0022\u003E\n                \n                                        \u003Cdiv id=\u0022teaser-2060-title\u0022\n                 class=\u0022article-headline\u0022\n                 role=\u0022heading\u0022\n                 aria-level=\u00223\u0022\u003E\n                \u003Cp\u003E30. Dienstjubil\u00e4um f\u00fcr CJD Vorst\u00e4ndin Petra Densborn: Macht sich immer...\u003C\/p\u003E\n\n\n\n            \u003C\/div\u003E\n          \n                      \u003Cdiv class=\u0022article-abstract\u0022\u003E\n              \n\n  \u003Cdiv class=\u0022article--teaser-body\u0022\u003E  \u003Cp\u003EAm 1. Januar sind es genau 30 Jahre...\u003C\/p\u003E\n\n\n\u003C\/div\u003E\n\n            \u003C\/div\u003E\n                        \u003C\/div\u003E\n      \u003Cdiv class=\u0022btn btn-primary\u0022 aria-hidden=\u0022true\u0022\u003E\u003C\/div\u003E\n    \u003C\/div\u003E\n  \u003C\/a\u003E\n\u003C\/article\u003E\n","entity_type":"node","used_ids":["",2882,2561,2337,2260,2169,2060],"show_more":"\u003Cdiv class=\u0022del-show-more\u0022\u003E\u003Ca href=\u0022\/de\/ajax\/del\/af5cb3e6-bd6f-478a-9129-1d399fc26327\/paragraph\/7\/6\/asc\/eyJub2RlIjp7ImlkIjoiMTM0IiwidHlwZSI6InBhZ2UifX0%3D\u0022 title=\u0022Mehr elemente anzeigen\u0022 class=\u0022del-show-more-link use-ajax\u0022 rel=\u0022nofollow\u0022 data-target-type=\u0022node\u0022 aria-controls=\u0022del--paragraph-13993--content\u0022 aria-label=\u0022Mehr elemente anzeigen\u0022\u003EMehr anzeigen\u003C\/a\u003E\u003C\/div\u003E\n"}]