[{"command":"settings","settings":{"pluralDelimiter":"\u0003","suppressDeprecationErrors":true,"ajaxPageState":{"libraries":"eJxLqcxLzM1Mjk_NK8ksqYzPySwu0S_OyC-Pz80vSgUAtBcL_w","theme":"cjd","theme_token":null},"ajaxTrustedUrl":[],"csp":{"nonce":"ZOvAG4lf9S_k19GsfikFdA"},"user":{"uid":0,"permissionsHash":"c1125b369a7e15b13772875c04cea41b0b84fabb44b759d8275303f5723b9ee7"}},"merge":true},{"command":"add_css","data":[{"rel":"stylesheet","media":"all","href":"\/sites\/default\/files\/css\/css_KLr2cejCds13yXbN6XzQjMRzmef65rerdAzUrRFWqn8.css?delta=0\u0026language=de\u0026theme=cjd\u0026include=eJxLzi9K1U8pKi1IzNFLzEqsAAA0wAYz"},{"rel":"stylesheet","media":"all","href":"\/sites\/default\/files\/css\/css_b1LJgX55_PliihHpD7ahvFnlUq8xUspelw3mtrlm3xw.css?delta=1\u0026language=de\u0026theme=cjd\u0026include=eJxLzi9K1U8pKi1IzNFLzEqsAAA0wAYz"}]},{"command":"add_js","selector":"body","data":[{"src":"\/core\/assets\/vendor\/jquery\/jquery.min.js?v=4.0.0"},{"src":"\/sites\/default\/files\/js\/js_C7ImIHujF8oAdQn3tYZ7OWQxkGPDZHWu2ue3AARt0DM.js?scope=footer\u0026delta=1\u0026language=de\u0026theme=cjd\u0026include=eJxLqcxLzM1Mjk_NK8ksqYzPySwu0S_OyC-Pz80vSgUAtBcL_w"}]},{"command":"showMoreTeasers","id":"del--paragraph-206","content":"\n\n\u003Carticle  class=\u0022node node--type--article node--view-mode--compact swiper-slide\u0022\u003E\n  \u003Ca href=\u0022https:\/\/www.cjd.de\/de\/pressemitteilungen\/besuch-karin-prien-bmbfsfj-cjd-hannover\u0022 aria-labelledby=\u0022teaser-5411-title\u0022\u003E\n    \u003Cdiv class=\u0022teaser-image\u0022\u003E\n        \u003Cfigure class=\u0022article--teaser-image\u0022\u003E\n        \u003Cpicture\u003E\n                \u003C!--[if IE 9]\u003E\n      \u003Cvideo style=\u0022display: none;\u0022\u003E\u003C![endif]--\u003E\n              \u003Csource srcset=\u0022\/sites\/default\/files\/styles\/img_xl_1_1_bp_md\/public\/2025-08\/39792_useonly--cjd-zentrale---besuch_prien_cjd_website_16_91.png.webp?h=d1cb525d\u0026amp;itok=qU8v_0EU 1x\u0022 media=\u0022all and (min-width: 768px) and (max-width: 959px)\u0022 type=\u0022image\/webp\u0022 width=\u0022734\u0022 height=\u0022734\u0022\/\u003E\n              \u003Csource srcset=\u0022\/sites\/default\/files\/styles\/img_xl_1_1_bp_lg\/public\/2025-08\/39792_useonly--cjd-zentrale---besuch_prien_cjd_website_16_91.png.webp?h=d1cb525d\u0026amp;itok=ydo_RLhu 1x\u0022 media=\u0022all and (min-width: 960px) and (max-width: 1439px)\u0022 type=\u0022image\/webp\u0022 width=\u00221094\u0022 height=\u00221094\u0022\/\u003E\n              \u003Csource srcset=\u0022\/sites\/default\/files\/styles\/img_xl_1_1_bp_xl\/public\/2025-08\/39792_useonly--cjd-zentrale---besuch_prien_cjd_website_16_91.png.webp?h=d1cb525d\u0026amp;itok=vnLpD_WF 1x\u0022 media=\u0022all and (min-width: 1440px)\u0022 type=\u0022image\/webp\u0022 width=\u00221400\u0022 height=\u00221400\u0022\/\u003E\n            \u003C!--[if IE 9]\u003E\u003C\/video\u003E\u003C![endif]--\u003E\n            \u003Cimg loading=\u0022lazy\u0022 width=\u0022587\u0022 height=\u0022587\u0022 src=\u0022\/sites\/default\/files\/styles\/img_xl_1_1_bp_default\/public\/2025-08\/39792_useonly--cjd-zentrale---besuch_prien_cjd_website_16_91.png.jpg?h=d1cb525d\u0026amp;itok=IsgqvvVN\u0022 \/\u003E\n\n  \u003C\/picture\u003E\n\n\n      \u003C\/figure\u003E\n\n    \u003C\/div\u003E\n\n    \u003Cdiv class=\u0022teaser-content\u0022\u003E\n      \u003Cdiv class=\u0022article-info\u0022\u003E\n        \u003Cspan\u003E\n  \u003Cdiv class=\u0022field field--name-field-article-category field--type-entity-reference field--label-hidden field__items\u0022\u003E\n        \u003Cdiv class=\u0022field__item\u0022\u003EPressemitteilungen\u003C\/div\u003E\n  \u003C\/div\u003E\u003C\/span\u003E\n                  \u003Cspan class=\u0022separator\u0022\u003E|\u003C\/span\u003E\n          \u003Cspan\u003E\u003Ctime datetime=\u00222025-08-15T12:00:00Z\u0022\u003E15. August 2025\u003C\/time\u003E\n\u003C\/span\u003E\n              \u003C\/div\u003E\n      \u003Cdiv class=\u0022article-teaser-text\u0022\u003E\n                \n                                        \u003Cdiv id=\u0022teaser-5411-title\u0022\n                 class=\u0022article-headline\u0022\n                 role=\u0022heading\u0022\n                 aria-level=\u00223\u0022\u003E\n                \u003Cp\u003EKarin Prien und Julia Willie Hamburg zu Gast im CJD-Familienzentrum...\u003C\/p\u003E\n\n\n\n            \u003C\/div\u003E\n          \n                      \u003Cdiv class=\u0022article-abstract\u0022\u003E\n              \n\n  \u003Cdiv class=\u0022article--teaser-body\u0022\u003E  \u003Cp\u003EKindertagesst\u00e4tten als Ort f\u00fcr...\u003C\/p\u003E\n\n\n\u003C\/div\u003E\n\n            \u003C\/div\u003E\n                        \u003C\/div\u003E\n      \u003Cdiv class=\u0022btn btn-primary\u0022 aria-hidden=\u0022true\u0022\u003E\u003C\/div\u003E\n    \u003C\/div\u003E\n  \u003C\/a\u003E\n\u003C\/article\u003E\n\n\n\u003Carticle  class=\u0022node node--type--article node--view-mode--compact swiper-slide\u0022\u003E\n  \u003Ca href=\u0022https:\/\/www.cjd.de\/de\/pressemitteilungen\/spendenzertifikat-des-deutschen-spendenrats\u0022 aria-labelledby=\u0022teaser-4939-title\u0022\u003E\n    \u003Cdiv class=\u0022teaser-image\u0022\u003E\n        \u003Cfigure class=\u0022article--teaser-image\u0022\u003E\n        \u003Cpicture\u003E\n                \u003C!--[if IE 9]\u003E\n      \u003Cvideo style=\u0022display: none;\u0022\u003E\u003C![endif]--\u003E\n              \u003Csource srcset=\u0022\/sites\/default\/files\/styles\/img_xl_1_1_bp_md\/public\/2025-04\/36127_2025-03-31_urkunde_dtspendenrat_16_9.png.webp?h=d1cb525d\u0026amp;itok=EJs7BhUs 1x\u0022 media=\u0022all and (min-width: 768px) and (max-width: 959px)\u0022 type=\u0022image\/webp\u0022 width=\u0022734\u0022 height=\u0022734\u0022\/\u003E\n              \u003Csource srcset=\u0022\/sites\/default\/files\/styles\/img_xl_1_1_bp_lg\/public\/2025-04\/36127_2025-03-31_urkunde_dtspendenrat_16_9.png.webp?h=d1cb525d\u0026amp;itok=H3nlrSoq 1x\u0022 media=\u0022all and (min-width: 960px) and (max-width: 1439px)\u0022 type=\u0022image\/webp\u0022 width=\u00221094\u0022 height=\u00221094\u0022\/\u003E\n              \u003Csource srcset=\u0022\/sites\/default\/files\/styles\/img_xl_1_1_bp_xl\/public\/2025-04\/36127_2025-03-31_urkunde_dtspendenrat_16_9.png.webp?h=d1cb525d\u0026amp;itok=aHtl5cmI 1x\u0022 media=\u0022all and (min-width: 1440px)\u0022 type=\u0022image\/webp\u0022 width=\u00221400\u0022 height=\u00221400\u0022\/\u003E\n            \u003C!--[if IE 9]\u003E\u003C\/video\u003E\u003C![endif]--\u003E\n            \u003Cimg loading=\u0022lazy\u0022 width=\u0022587\u0022 height=\u0022587\u0022 src=\u0022\/sites\/default\/files\/styles\/img_xl_1_1_bp_default\/public\/2025-04\/36127_2025-03-31_urkunde_dtspendenrat_16_9.png.jpg?h=d1cb525d\u0026amp;itok=OhPTziV3\u0022 alt=\u0022Spendenzertifikat des Deutschen Spendenrats 2025\u0022 \/\u003E\n\n  \u003C\/picture\u003E\n\n\n      \u003C\/figure\u003E\n\n    \u003C\/div\u003E\n\n    \u003Cdiv class=\u0022teaser-content\u0022\u003E\n      \u003Cdiv class=\u0022article-info\u0022\u003E\n        \u003Cspan\u003E\n  \u003Cdiv class=\u0022field field--name-field-article-category field--type-entity-reference field--label-hidden field__items\u0022\u003E\n        \u003Cdiv class=\u0022field__item\u0022\u003EPressemitteilungen\u003C\/div\u003E\n  \u003C\/div\u003E\u003C\/span\u003E\n                  \u003Cspan class=\u0022separator\u0022\u003E|\u003C\/span\u003E\n          \u003Cspan\u003E\u003Ctime datetime=\u00222025-04-07T12:00:00Z\u0022\u003E07. April 2025\u003C\/time\u003E\n\u003C\/span\u003E\n              \u003C\/div\u003E\n      \u003Cdiv class=\u0022article-teaser-text\u0022\u003E\n                \n                                        \u003Cdiv id=\u0022teaser-4939-title\u0022\n                 class=\u0022article-headline\u0022\n                 role=\u0022heading\u0022\n                 aria-level=\u00223\u0022\u003E\n                \u003Cp\u003ECJD erh\u00e4lt erneut das Spendenzertifikat des Deutschen Spendenrats\u003C\/p\u003E\n\n\n\n            \u003C\/div\u003E\n          \n                      \u003Cdiv class=\u0022article-abstract\u0022\u003E\n              \n\n  \u003Cdiv class=\u0022article--teaser-body\u0022\u003E  \u003Cp\u003EDas Christliche Jugenddorfwerk...\u003C\/p\u003E\n\n\n\u003C\/div\u003E\n\n            \u003C\/div\u003E\n                        \u003C\/div\u003E\n      \u003Cdiv class=\u0022btn btn-primary\u0022 aria-hidden=\u0022true\u0022\u003E\u003C\/div\u003E\n    \u003C\/div\u003E\n  \u003C\/a\u003E\n\u003C\/article\u003E\n\n\n\u003Carticle  class=\u0022node node--type--article node--view-mode--compact swiper-slide\u0022\u003E\n  \u003Ca href=\u0022https:\/\/www.cjd.de\/de\/pressemitteilungen\/bundestagswahl-2025-diakonische-verbaende-rufen-zur-staerkung-der-demokratie-auf\u0022 aria-labelledby=\u0022teaser-4517-title\u0022\u003E\n    \u003Cdiv class=\u0022teaser-image\u0022\u003E\n        \u003Cfigure class=\u0022article--teaser-image\u0022\u003E\n        \u003Cpicture\u003E\n                \u003C!--[if IE 9]\u003E\n      \u003Cvideo style=\u0022display: none;\u0022\u003E\u003C![endif]--\u003E\n              \u003Csource srcset=\u0022\/sites\/default\/files\/styles\/img_xl_1_1_bp_md\/public\/2025-02\/34644_fueralle_4_3.png.webp?h=ddb1ad0c\u0026amp;itok=XTeE8vyA 1x\u0022 media=\u0022all and (min-width: 768px) and (max-width: 959px)\u0022 type=\u0022image\/webp\u0022 width=\u0022734\u0022 height=\u0022734\u0022\/\u003E\n              \u003Csource srcset=\u0022\/sites\/default\/files\/styles\/img_xl_1_1_bp_lg\/public\/2025-02\/34644_fueralle_4_3.png.webp?h=ddb1ad0c\u0026amp;itok=4lIBaY4n 1x\u0022 media=\u0022all and (min-width: 960px) and (max-width: 1439px)\u0022 type=\u0022image\/webp\u0022 width=\u00221094\u0022 height=\u00221094\u0022\/\u003E\n              \u003Csource srcset=\u0022\/sites\/default\/files\/styles\/img_xl_1_1_bp_xl\/public\/2025-02\/34644_fueralle_4_3.png.webp?h=ddb1ad0c\u0026amp;itok=nbJp0fO8 1x\u0022 media=\u0022all and (min-width: 1440px)\u0022 type=\u0022image\/webp\u0022 width=\u00221400\u0022 height=\u00221400\u0022\/\u003E\n            \u003C!--[if IE 9]\u003E\u003C\/video\u003E\u003C![endif]--\u003E\n            \u003Cimg loading=\u0022lazy\u0022 width=\u0022587\u0022 height=\u0022587\u0022 src=\u0022\/sites\/default\/files\/styles\/img_xl_1_1_bp_default\/public\/2025-02\/34644_fueralle_4_3.png.jpg?h=ddb1ad0c\u0026amp;itok=dC3V95eY\u0022 \/\u003E\n\n  \u003C\/picture\u003E\n\n\n      \u003C\/figure\u003E\n\n    \u003C\/div\u003E\n\n    \u003Cdiv class=\u0022teaser-content\u0022\u003E\n      \u003Cdiv class=\u0022article-info\u0022\u003E\n        \u003Cspan\u003E\n  \u003Cdiv class=\u0022field field--name-field-article-category field--type-entity-reference field--label-hidden field__items\u0022\u003E\n        \u003Cdiv class=\u0022field__item\u0022\u003EPressemitteilungen\u003C\/div\u003E\n  \u003C\/div\u003E\u003C\/span\u003E\n                  \u003Cspan class=\u0022separator\u0022\u003E|\u003C\/span\u003E\n          \u003Cspan\u003E\u003Ctime datetime=\u00222025-02-06T12:00:00Z\u0022\u003E06. Februar 2025\u003C\/time\u003E\n\u003C\/span\u003E\n              \u003C\/div\u003E\n      \u003Cdiv class=\u0022article-teaser-text\u0022\u003E\n                \n                                        \u003Cdiv id=\u0022teaser-4517-title\u0022\n                 class=\u0022article-headline\u0022\n                 role=\u0022heading\u0022\n                 aria-level=\u00223\u0022\u003E\n                \u003Cp\u003EBundestagswahl 2025: Diakonische Verb\u00e4nde rufen zur St\u00e4rkung der...\u003C\/p\u003E\n\n\n\n            \u003C\/div\u003E\n          \n                      \u003Cdiv class=\u0022article-abstract\u0022\u003E\n              \n\n  \u003Cdiv class=\u0022article--teaser-body\u0022\u003E  \u003Cp\u003EUnter dem Motto \u201eF\u00fcr alle. Mit Herz und...\u003C\/p\u003E\n\n\n\u003C\/div\u003E\n\n            \u003C\/div\u003E\n                        \u003C\/div\u003E\n      \u003Cdiv class=\u0022btn btn-primary\u0022 aria-hidden=\u0022true\u0022\u003E\u003C\/div\u003E\n    \u003C\/div\u003E\n  \u003C\/a\u003E\n\u003C\/article\u003E\n\n\n\u003Carticle  class=\u0022node node--type--article node--view-mode--compact swiper-slide\u0022\u003E\n  \u003Ca href=\u0022https:\/\/www.cjd.de\/de\/pressemitteilungen\/cjd-jugendkonferenz-2024-kippenworkshop\u0022 aria-labelledby=\u0022teaser-3306-title\u0022\u003E\n    \u003Cdiv class=\u0022teaser-image\u0022\u003E\n        \u003Cfigure class=\u0022article--teaser-image\u0022\u003E\n        \u003Cpicture\u003E\n                \u003C!--[if IE 9]\u003E\n      \u003Cvideo style=\u0022display: none;\u0022\u003E\u003C![endif]--\u003E\n              \u003Csource srcset=\u0022\/sites\/default\/files\/styles\/img_xl_1_1_bp_md\/public\/2024-09\/12.png.webp?h=d1cb525d\u0026amp;itok=qVAfYS1U 1x\u0022 media=\u0022all and (min-width: 768px) and (max-width: 959px)\u0022 type=\u0022image\/webp\u0022 width=\u0022734\u0022 height=\u0022734\u0022\/\u003E\n              \u003Csource srcset=\u0022\/sites\/default\/files\/styles\/img_xl_1_1_bp_lg\/public\/2024-09\/12.png.webp?h=d1cb525d\u0026amp;itok=FUlpr1pa 1x\u0022 media=\u0022all and (min-width: 960px) and (max-width: 1439px)\u0022 type=\u0022image\/webp\u0022 width=\u00221094\u0022 height=\u00221094\u0022\/\u003E\n              \u003Csource srcset=\u0022\/sites\/default\/files\/styles\/img_xl_1_1_bp_xl\/public\/2024-09\/12.png.webp?h=d1cb525d\u0026amp;itok=c37jZHSY 1x\u0022 media=\u0022all and (min-width: 1440px)\u0022 type=\u0022image\/webp\u0022 width=\u00221400\u0022 height=\u00221400\u0022\/\u003E\n            \u003C!--[if IE 9]\u003E\u003C\/video\u003E\u003C![endif]--\u003E\n            \u003Cimg loading=\u0022lazy\u0022 width=\u0022587\u0022 height=\u0022587\u0022 src=\u0022\/sites\/default\/files\/styles\/img_xl_1_1_bp_default\/public\/2024-09\/12.png.jpg?h=d1cb525d\u0026amp;itok=gleeVrpF\u0022 alt=\u0022Teilnehmerin der CJD Jugendkonferenz sammelt Kippen auf dem Rastplatz\u0022 \/\u003E\n\n  \u003C\/picture\u003E\n\n\n      \u003C\/figure\u003E\n\n    \u003C\/div\u003E\n\n    \u003Cdiv class=\u0022teaser-content\u0022\u003E\n      \u003Cdiv class=\u0022article-info\u0022\u003E\n        \u003Cspan\u003E\n  \u003Cdiv class=\u0022field field--name-field-article-category field--type-entity-reference field--label-hidden field__items\u0022\u003E\n        \u003Cdiv class=\u0022field__item\u0022\u003EPressemitteilungen\u003C\/div\u003E\n  \u003C\/div\u003E\u003C\/span\u003E\n                  \u003Cspan class=\u0022separator\u0022\u003E|\u003C\/span\u003E\n          \u003Cspan\u003E\u003Ctime datetime=\u00222024-09-12T12:00:00Z\u0022\u003E12. September 2024\u003C\/time\u003E\n\u003C\/span\u003E\n              \u003C\/div\u003E\n      \u003Cdiv class=\u0022article-teaser-text\u0022\u003E\n                \n                                        \u003Cdiv id=\u0022teaser-3306-title\u0022\n                 class=\u0022article-headline\u0022\n                 role=\u0022heading\u0022\n                 aria-level=\u00223\u0022\u003E\n                \u003Cp\u003EJugendliche aus dem CJD befreien Rastplatz von M\u00fcll und...\u003C\/p\u003E\n\n\n\n            \u003C\/div\u003E\n          \n                      \u003Cdiv class=\u0022article-abstract\u0022\u003E\n              \n\n  \u003Cdiv class=\u0022article--teaser-body\u0022\u003E  \u003Cp\u003EWas haben Kippen mit Demokratiebildung...\u003C\/p\u003E\n\n\n\u003C\/div\u003E\n\n            \u003C\/div\u003E\n                        \u003C\/div\u003E\n      \u003Cdiv class=\u0022btn btn-primary\u0022 aria-hidden=\u0022true\u0022\u003E\u003C\/div\u003E\n    \u003C\/div\u003E\n  \u003C\/a\u003E\n\u003C\/article\u003E\n\n\n\u003Carticle  class=\u0022node node--type--article node--view-mode--compact swiper-slide\u0022\u003E\n  \u003Ca href=\u0022https:\/\/www.cjd.de\/de\/pressemitteilungen\/cjd-jugendkonferenz-foerdert-politische-entscheidungskompetenz\u0022 aria-labelledby=\u0022teaser-3282-title\u0022\u003E\n    \u003Cdiv class=\u0022teaser-image\u0022\u003E\n        \u003Cfigure class=\u0022article--teaser-image\u0022\u003E\n        \u003Cpicture\u003E\n                \u003C!--[if IE 9]\u003E\n      \u003Cvideo style=\u0022display: none;\u0022\u003E\u003C![endif]--\u003E\n              \u003Csource srcset=\u0022\/sites\/default\/files\/styles\/img_xl_1_1_bp_md\/public\/2024-08\/29455_titel-cjd-jugendkonferenz-2024_16_9.png.webp?h=d1cb525d\u0026amp;itok=DznminMD 1x\u0022 media=\u0022all and (min-width: 768px) and (max-width: 959px)\u0022 type=\u0022image\/webp\u0022 width=\u0022734\u0022 height=\u0022734\u0022\/\u003E\n              \u003Csource srcset=\u0022\/sites\/default\/files\/styles\/img_xl_1_1_bp_lg\/public\/2024-08\/29455_titel-cjd-jugendkonferenz-2024_16_9.png.webp?h=d1cb525d\u0026amp;itok=eN0cIQ5d 1x\u0022 media=\u0022all and (min-width: 960px) and (max-width: 1439px)\u0022 type=\u0022image\/webp\u0022 width=\u00221094\u0022 height=\u00221094\u0022\/\u003E\n              \u003Csource srcset=\u0022\/sites\/default\/files\/styles\/img_xl_1_1_bp_xl\/public\/2024-08\/29455_titel-cjd-jugendkonferenz-2024_16_9.png.webp?h=d1cb525d\u0026amp;itok=jqPkPlnN 1x\u0022 media=\u0022all and (min-width: 1440px)\u0022 type=\u0022image\/webp\u0022 width=\u00221400\u0022 height=\u00221400\u0022\/\u003E\n            \u003C!--[if IE 9]\u003E\u003C\/video\u003E\u003C![endif]--\u003E\n            \u003Cimg loading=\u0022lazy\u0022 width=\u0022587\u0022 height=\u0022587\u0022 src=\u0022\/sites\/default\/files\/styles\/img_xl_1_1_bp_default\/public\/2024-08\/29455_titel-cjd-jugendkonferenz-2024_16_9.png.jpg?h=d1cb525d\u0026amp;itok=XsS2PCbO\u0022 alt=\u0022Plakat zur CJD Jugendkonferenz 2024\u0022 \/\u003E\n\n  \u003C\/picture\u003E\n\n\n      \u003C\/figure\u003E\n\n    \u003C\/div\u003E\n\n    \u003Cdiv class=\u0022teaser-content\u0022\u003E\n      \u003Cdiv class=\u0022article-info\u0022\u003E\n        \u003Cspan\u003E\n  \u003Cdiv class=\u0022field field--name-field-article-category field--type-entity-reference field--label-hidden field__items\u0022\u003E\n        \u003Cdiv class=\u0022field__item\u0022\u003EPressemitteilungen\u003C\/div\u003E\n  \u003C\/div\u003E\u003C\/span\u003E\n                  \u003Cspan class=\u0022separator\u0022\u003E|\u003C\/span\u003E\n          \u003Cspan\u003E\u003Ctime datetime=\u00222024-09-05T12:00:00Z\u0022\u003E05. September 2024\u003C\/time\u003E\n\u003C\/span\u003E\n              \u003C\/div\u003E\n      \u003Cdiv class=\u0022article-teaser-text\u0022\u003E\n                \n                                        \u003Cdiv id=\u0022teaser-3282-title\u0022\n                 class=\u0022article-headline\u0022\n                 role=\u0022heading\u0022\n                 aria-level=\u00223\u0022\u003E\n                \u003Cp\u003ECJD Jugendkonferenz: Demokratie und junge Menschen st\u00e4rken\u003C\/p\u003E\n\n\n\n            \u003C\/div\u003E\n          \n                      \u003Cdiv class=\u0022article-abstract\u0022\u003E\n              \n\n  \u003Cdiv class=\u0022article--teaser-body\u0022\u003E  \u003Cp\u003EJunge Menschen fit machen f\u00fcr Demokratie...\u003C\/p\u003E\n\n\n\u003C\/div\u003E\n\n            \u003C\/div\u003E\n                        \u003C\/div\u003E\n      \u003Cdiv class=\u0022btn btn-primary\u0022 aria-hidden=\u0022true\u0022\u003E\u003C\/div\u003E\n    \u003C\/div\u003E\n  \u003C\/a\u003E\n\u003C\/article\u003E\n\n\n\u003Carticle  class=\u0022node node--type--article node--view-mode--compact swiper-slide\u0022\u003E\n  \u003Ca href=\u0022https:\/\/www.cjd.de\/de\/pressemitteilungen\/20-jahre-cjd-kinder-und-jugendstiftung\u0022 aria-labelledby=\u0022teaser-2915-title\u0022\u003E\n    \u003Cdiv class=\u0022teaser-image\u0022\u003E\n        \u003Cfigure class=\u0022article--teaser-image\u0022\u003E\n        \u003Cpicture\u003E\n                \u003C!--[if IE 9]\u003E\n      \u003Cvideo style=\u0022display: none;\u0022\u003E\u003C![endif]--\u003E\n              \u003Csource srcset=\u0022\/sites\/default\/files\/styles\/img_xl_1_1_bp_md\/public\/2023-06\/5737_teams-hintergrund_cjd-fahnen_final.jpg.webp?h=8f84d865\u0026amp;itok=0BYP3D59 1x\u0022 media=\u0022all and (min-width: 768px) and (max-width: 959px)\u0022 type=\u0022image\/webp\u0022 width=\u0022734\u0022 height=\u0022734\u0022\/\u003E\n              \u003Csource srcset=\u0022\/sites\/default\/files\/styles\/img_xl_1_1_bp_lg\/public\/2023-06\/5737_teams-hintergrund_cjd-fahnen_final.jpg.webp?h=8f84d865\u0026amp;itok=cEV6mGIC 1x\u0022 media=\u0022all and (min-width: 960px) and (max-width: 1439px)\u0022 type=\u0022image\/webp\u0022 width=\u00221094\u0022 height=\u00221094\u0022\/\u003E\n              \u003Csource srcset=\u0022\/sites\/default\/files\/styles\/img_xl_1_1_bp_xl\/public\/2023-06\/5737_teams-hintergrund_cjd-fahnen_final.jpg.webp?h=8f84d865\u0026amp;itok=kAsqyj84 1x\u0022 media=\u0022all and (min-width: 1440px)\u0022 type=\u0022image\/webp\u0022 width=\u00221400\u0022 height=\u00221400\u0022\/\u003E\n            \u003C!--[if IE 9]\u003E\u003C\/video\u003E\u003C![endif]--\u003E\n            \u003Cimg loading=\u0022lazy\u0022 width=\u0022587\u0022 height=\u0022587\u0022 src=\u0022\/sites\/default\/files\/styles\/img_xl_1_1_bp_default\/public\/2023-06\/5737_teams-hintergrund_cjd-fahnen_final.jpg.jpg?h=8f84d865\u0026amp;itok=YELBLVef\u0022 alt=\u0022Zwei Kinder in einer CJD-Kita\u0022 \/\u003E\n\n  \u003C\/picture\u003E\n\n\n      \u003C\/figure\u003E\n\n    \u003C\/div\u003E\n\n    \u003Cdiv class=\u0022teaser-content\u0022\u003E\n      \u003Cdiv class=\u0022article-info\u0022\u003E\n        \u003Cspan\u003E\n  \u003Cdiv class=\u0022field field--name-field-article-category field--type-entity-reference field--label-hidden field__items\u0022\u003E\n        \u003Cdiv class=\u0022field__item\u0022\u003EPressemitteilungen\u003C\/div\u003E\n  \u003C\/div\u003E\u003C\/span\u003E\n                  \u003Cspan class=\u0022separator\u0022\u003E|\u003C\/span\u003E\n          \u003Cspan\u003E\u003Ctime datetime=\u00222024-07-01T12:00:00Z\u0022\u003E01. Juli 2024\u003C\/time\u003E\n\u003C\/span\u003E\n              \u003C\/div\u003E\n      \u003Cdiv class=\u0022article-teaser-text\u0022\u003E\n                \n                                        \u003Cdiv id=\u0022teaser-2915-title\u0022\n                 class=\u0022article-headline\u0022\n                 role=\u0022heading\u0022\n                 aria-level=\u00223\u0022\u003E\n                \u003Cp\u003EDie CJD Kinder- und Jugendstiftung feiert Jubil\u00e4um: 20 Jahre an der...\u003C\/p\u003E\n\n\n\n            \u003C\/div\u003E\n          \n                      \u003Cdiv class=\u0022article-abstract\u0022\u003E\n              \n\n  \u003Cdiv class=\u0022article--teaser-body\u0022\u003E  \u003Cp\u003EAm 1. Juli feiert die CJD Kinder- und...\u003C\/p\u003E\n\n\n\u003C\/div\u003E\n\n            \u003C\/div\u003E\n                        \u003C\/div\u003E\n      \u003Cdiv class=\u0022btn btn-primary\u0022 aria-hidden=\u0022true\u0022\u003E\u003C\/div\u003E\n    \u003C\/div\u003E\n  \u003C\/a\u003E\n\u003C\/article\u003E\n\n\n\u003Carticle  class=\u0022node node--type--article node--view-mode--compact swiper-slide\u0022\u003E\n  \u003Ca href=\u0022https:\/\/www.cjd.de\/de\/pressemitteilungen\/cjd-praesidentin-im-amt-bestaetigt\u0022 aria-labelledby=\u0022teaser-2882-title\u0022\u003E\n    \u003Cdiv class=\u0022teaser-image\u0022\u003E\n        \u003Cfigure class=\u0022article--teaser-image\u0022\u003E\n        \u003Cpicture\u003E\n                \u003C!--[if IE 9]\u003E\n      \u003Cvideo style=\u0022display: none;\u0022\u003E\u003C![endif]--\u003E\n              \u003Csource srcset=\u0022\/sites\/default\/files\/styles\/img_xl_1_1_bp_md\/public\/2024-06\/28984_smw05623.jpg.webp?h=14e0d94d\u0026amp;itok=NnFtyj6d 1x\u0022 media=\u0022all and (min-width: 768px) and (max-width: 959px)\u0022 type=\u0022image\/webp\u0022 width=\u0022734\u0022 height=\u0022734\u0022\/\u003E\n              \u003Csource srcset=\u0022\/sites\/default\/files\/styles\/img_xl_1_1_bp_lg\/public\/2024-06\/28984_smw05623.jpg.webp?h=14e0d94d\u0026amp;itok=e0XDbT_C 1x\u0022 media=\u0022all and (min-width: 960px) and (max-width: 1439px)\u0022 type=\u0022image\/webp\u0022 width=\u00221094\u0022 height=\u00221094\u0022\/\u003E\n              \u003Csource srcset=\u0022\/sites\/default\/files\/styles\/img_xl_1_1_bp_xl\/public\/2024-06\/28984_smw05623.jpg.webp?h=14e0d94d\u0026amp;itok=Unwi8AnD 1x\u0022 media=\u0022all and (min-width: 1440px)\u0022 type=\u0022image\/webp\u0022 width=\u00221400\u0022 height=\u00221400\u0022\/\u003E\n            \u003C!--[if IE 9]\u003E\u003C\/video\u003E\u003C![endif]--\u003E\n            \u003Cimg loading=\u0022lazy\u0022 width=\u0022587\u0022 height=\u0022587\u0022 src=\u0022\/sites\/default\/files\/styles\/img_xl_1_1_bp_default\/public\/2024-06\/28984_smw05623.jpg.jpg?h=14e0d94d\u0026amp;itok=CscTCOMr\u0022 alt=\u0022Gruppenbild des neuen Pr\u00e4sidium des CJD \u0022 \/\u003E\n\n  \u003C\/picture\u003E\n\n\n      \u003C\/figure\u003E\n\n    \u003C\/div\u003E\n\n    \u003Cdiv class=\u0022teaser-content\u0022\u003E\n      \u003Cdiv class=\u0022article-info\u0022\u003E\n        \u003Cspan\u003E\n  \u003Cdiv class=\u0022field field--name-field-article-category field--type-entity-reference field--label-hidden field__items\u0022\u003E\n        \u003Cdiv class=\u0022field__item\u0022\u003EPressemitteilungen\u003C\/div\u003E\n  \u003C\/div\u003E\u003C\/span\u003E\n                  \u003Cspan class=\u0022separator\u0022\u003E|\u003C\/span\u003E\n          \u003Cspan\u003E\u003Ctime datetime=\u00222024-06-21T12:00:00Z\u0022\u003E21. Juni 2024\u003C\/time\u003E\n\u003C\/span\u003E\n              \u003C\/div\u003E\n      \u003Cdiv class=\u0022article-teaser-text\u0022\u003E\n                \n                                        \u003Cdiv id=\u0022teaser-2882-title\u0022\n                 class=\u0022article-headline\u0022\n                 role=\u0022heading\u0022\n                 aria-level=\u00223\u0022\u003E\n                \u003Cp\u003ECJD Pr\u00e4sidentin im Amt best\u00e4tigt - CJD Mitglieder w\u00e4hlen erneut Dr...\u003C\/p\u003E\n\n\n\n            \u003C\/div\u003E\n          \n                      \u003Cdiv class=\u0022article-abstract\u0022\u003E\n              \n\n  \u003Cdiv class=\u0022article--teaser-body\u0022\u003E  \u003Cp\u003EEine im Amt best\u00e4tigte Pr\u00e4sidentin, zwei...\u003C\/p\u003E\n\n\n\u003C\/div\u003E\n\n            \u003C\/div\u003E\n                        \u003C\/div\u003E\n      \u003Cdiv class=\u0022btn btn-primary\u0022 aria-hidden=\u0022true\u0022\u003E\u003C\/div\u003E\n    \u003C\/div\u003E\n  \u003C\/a\u003E\n\u003C\/article\u003E\n\n\n\u003Carticle  class=\u0022node node--type--article node--view-mode--compact swiper-slide\u0022\u003E\n  \u003Ca href=\u0022https:\/\/www.cjd.de\/de\/pressemitteilungen\/ehemaliger-cjd-vorstand-berthold-kuhn-wird-75\u0022 aria-labelledby=\u0022teaser-2561-title\u0022\u003E\n    \u003Cdiv class=\u0022teaser-image\u0022\u003E\n        \u003Cfigure class=\u0022article--teaser-image\u0022\u003E\n        \u003Cpicture\u003E\n                \u003C!--[if IE 9]\u003E\n      \u003Cvideo style=\u0022display: none;\u0022\u003E\u003C![endif]--\u003E\n              \u003Csource srcset=\u0022\/sites\/default\/files\/styles\/img_xl_1_1_bp_md\/public\/2023-08\/9750_3.png.webp?h=45eca6a9\u0026amp;itok=Xaz_eBe8 1x\u0022 media=\u0022all and (min-width: 768px) and (max-width: 959px)\u0022 type=\u0022image\/webp\u0022 width=\u0022734\u0022 height=\u0022734\u0022\/\u003E\n              \u003Csource srcset=\u0022\/sites\/default\/files\/styles\/img_xl_1_1_bp_lg\/public\/2023-08\/9750_3.png.webp?h=45eca6a9\u0026amp;itok=Ntrl_LuQ 1x\u0022 media=\u0022all and (min-width: 960px) and (max-width: 1439px)\u0022 type=\u0022image\/webp\u0022 width=\u00221094\u0022 height=\u00221094\u0022\/\u003E\n              \u003Csource srcset=\u0022\/sites\/default\/files\/styles\/img_xl_1_1_bp_xl\/public\/2023-08\/9750_3.png.webp?h=45eca6a9\u0026amp;itok=0GU4r69g 1x\u0022 media=\u0022all and (min-width: 1440px)\u0022 type=\u0022image\/webp\u0022 width=\u00221400\u0022 height=\u00221400\u0022\/\u003E\n            \u003C!--[if IE 9]\u003E\u003C\/video\u003E\u003C![endif]--\u003E\n            \u003Cimg loading=\u0022lazy\u0022 width=\u0022587\u0022 height=\u0022587\u0022 src=\u0022\/sites\/default\/files\/styles\/img_xl_1_1_bp_default\/public\/2023-08\/9750_3.png.jpg?h=45eca6a9\u0026amp;itok=skYq6yTV\u0022 alt=\u0022Ehemaliger CJD Vorstand Berthold Kuhn\u0022 \/\u003E\n\n  \u003C\/picture\u003E\n\n\n      \u003C\/figure\u003E\n\n    \u003C\/div\u003E\n\n    \u003Cdiv class=\u0022teaser-content\u0022\u003E\n      \u003Cdiv class=\u0022article-info\u0022\u003E\n        \u003Cspan\u003E\n  \u003Cdiv class=\u0022field field--name-field-article-category field--type-entity-reference field--label-hidden field__items\u0022\u003E\n        \u003Cdiv class=\u0022field__item\u0022\u003EPressemitteilungen\u003C\/div\u003E\n  \u003C\/div\u003E\u003C\/span\u003E\n                  \u003Cspan class=\u0022separator\u0022\u003E|\u003C\/span\u003E\n          \u003Cspan\u003E\u003Ctime datetime=\u00222024-05-10T12:00:00Z\u0022\u003E10. Mai 2024\u003C\/time\u003E\n\u003C\/span\u003E\n              \u003C\/div\u003E\n      \u003Cdiv class=\u0022article-teaser-text\u0022\u003E\n                \n                                        \u003Cdiv id=\u0022teaser-2561-title\u0022\n                 class=\u0022article-headline\u0022\n                 role=\u0022heading\u0022\n                 aria-level=\u00223\u0022\u003E\n                \u003Cp\u003EEin Leben im Dienst der Bildung und Jugend: Ehemaliger CJD Vorstand...\u003C\/p\u003E\n\n\n\n            \u003C\/div\u003E\n          \n                      \u003Cdiv class=\u0022article-abstract\u0022\u003E\n              \n\n  \u003Cdiv class=\u0022article--teaser-body\u0022\u003E  \u003Cp\u003EAm 11. Mai feiert Berthold Kuhn, der...\u003C\/p\u003E\n\n\n\u003C\/div\u003E\n\n            \u003C\/div\u003E\n                        \u003C\/div\u003E\n      \u003Cdiv class=\u0022btn btn-primary\u0022 aria-hidden=\u0022true\u0022\u003E\u003C\/div\u003E\n    \u003C\/div\u003E\n  \u003C\/a\u003E\n\u003C\/article\u003E\n","entity_type":"node","used_ids":["",5411,4939,4517,3306,3282,2915,2882,2561],"show_more":"\u003Cdiv class=\u0022del-show-more\u0022\u003E\u003Ca href=\u0022\/de\/ajax\/del\/808d6b18-8047-46a4-bb4f-0c8194f259cc\/paragraph\/9\/8\/asc\/eyJub2RlIjp7ImlkIjoiNjMiLCJ0eXBlIjoicGFnZSJ9fQ%3D%3D\u0022 title=\u0022Mehr elemente anzeigen\u0022 class=\u0022del-show-more-link use-ajax\u0022 rel=\u0022nofollow\u0022 data-target-type=\u0022node\u0022 aria-controls=\u0022del--paragraph-206--content\u0022 aria-label=\u0022Mehr elemente anzeigen\u0022\u003EMehr anzeigen\u003C\/a\u003E\u003C\/div\u003E\n"}]