[{"command":"settings","settings":{"pluralDelimiter":"\u0003","suppressDeprecationErrors":true,"ajaxPageState":{"libraries":"eJxLqcxLzM1Mjk_NK8ksqYzPySwu0S_OyC-Pz80vSgUAtBcL_w","theme":"cjd","theme_token":null},"ajaxTrustedUrl":[],"csp":{"nonce":"x8KMaUmXSTB1E7O-PsqD7A"},"user":{"uid":0,"permissionsHash":"c1125b369a7e15b13772875c04cea41b0b84fabb44b759d8275303f5723b9ee7"}},"merge":true},{"command":"add_css","data":[{"rel":"stylesheet","media":"all","href":"\/sites\/default\/files\/css\/css_KLr2cejCds13yXbN6XzQjMRzmef65rerdAzUrRFWqn8.css?delta=0\u0026language=de\u0026theme=cjd\u0026include=eJxLzi9K1U8pKi1IzNFLzEqsAAA0wAYz"},{"rel":"stylesheet","media":"all","href":"\/sites\/default\/files\/css\/css_b1LJgX55_PliihHpD7ahvFnlUq8xUspelw3mtrlm3xw.css?delta=1\u0026language=de\u0026theme=cjd\u0026include=eJxLzi9K1U8pKi1IzNFLzEqsAAA0wAYz"}]},{"command":"add_js","selector":"body","data":[{"src":"\/core\/assets\/vendor\/jquery\/jquery.min.js?v=4.0.0"},{"src":"\/sites\/default\/files\/js\/js_C7ImIHujF8oAdQn3tYZ7OWQxkGPDZHWu2ue3AARt0DM.js?scope=footer\u0026delta=1\u0026language=de\u0026theme=cjd\u0026include=eJxLqcxLzM1Mjk_NK8ksqYzPySwu0S_OyC-Pz80vSgUAtBcL_w"}]},{"command":"showMoreTeasers","id":"del--paragraph-5758","content":"\n\u003Cdiv class=\u0022node node--type--offer node--view-mode--teaser\u0022\u003E\n      \u003Ca href=\u0022\/de\/assistierte-ausbildung-der-krankenpflegehilfe-landau\u0022 aria-labelledby=\u0022teaser-3570-title\u0022\u003E\n      \u003Carticle class=\u0022offer-content\u0022\u003E\n      \u003Cdiv id=\u0022teaser-3570-title\u0022 class=\u0022offer-title typo-headline-base headline-sm\u0022 role=\u0022heading\u0022 aria-level=\u00223\u0022\u003E\n        \u003Cspan\u003EAssistierte Ausbildung in der Krankenpflegehilfe - Landau\u003C\/span\u003E\n\n      \u003C\/div\u003E\n              \u003Cdiv class=\u0022offer-teaser-item teaser-location\u0022\u003E\n          \u003Ci class=\u0022i i-location\u0022\u003E\u003C\/i\u003E\n          \n  \u003Cdiv class=\u0022field field--name-field-address field--type-address field--label-hidden field__items\u0022\u003E\n        \u003Cdiv class=\u0022field__item\u0022\u003E\u003Cp class=\u0022address\u0022 translate=\u0022no\u0022\u003E\u003Cspan class=\u0022organization\u0022\u003ECJD Landau\u003C\/span\u003E\u003Cbr\u003E\n\u003Cspan class=\u0022address-line1\u0022\u003EAlfred-Nobel-Platz 1 (1.OG)\u003C\/span\u003E\u003Cbr\u003E\n\u003Cspan class=\u0022address-line2\u0022\u003E(Neues Messegel\u00e4nde)\u003C\/span\u003E\u003Cbr\u003E\n\u003Cspan class=\u0022postal-code\u0022\u003E76829\u003C\/span\u003E \u003Cspan class=\u0022locality\u0022\u003ELandau\u003C\/span\u003E\u003Cbr\u003E\n\u003Cspan class=\u0022country\u0022\u003EDeutschland\u003C\/span\u003E\u003C\/p\u003E\u003C\/div\u003E\n  \u003C\/div\u003E\n        \u003C\/div\u003E\n            \u003Cdiv class=\u0022offer-teaser-terms\u0022\u003E\n                  \u003Cdiv class=\u0022offer-teaser-item teaser-topics\u0022\u003E\n            \u003Ci class=\u0022i i-new-releases\u0022\u003E\u003C\/i\u003E\n            \u003Cdiv class=\u0022item-text\u0022\u003E \n  \u003Cspan\u003EF\u00f6rderung\u003C\/span\u003E\n  \u003Cspan\u003EBerufliche Qualifikation\u003C\/span\u003E\n  \u003Cspan\u003EPflege\u003C\/span\u003E\n  \u003Cspan\u003EGesundheit\u003C\/span\u003E\n  \u003Cspan\u003EAusbildungsbegleitung\u003C\/span\u003E\n\u003C\/div\u003E\n          \u003C\/div\u003E\n                          \u003Cdiv class=\u0022offer-teaser-item teaser-target-group\u0022\u003E\n            \u003Ci class=\u0022i i-person\u0022\u003E\u003C\/i\u003E\n            \u003Cdiv class=\u0022item-text\u0022\u003E \n  \u003Cspan\u003EJugendliche\u003C\/span\u003E\n  \u003Cspan\u003EJunge Erwachsene\u003C\/span\u003E\n \u003C\/div\u003E\n          \u003C\/div\u003E\n              \u003C\/div\u003E\n    \u003C\/article\u003E\n  \u003C\/a\u003E\n\u003C\/div\u003E\n\n\u003Cdiv class=\u0022node node--type--offer node--view-mode--teaser\u0022\u003E\n      \u003Ca href=\u0022\/de\/bedarfsgemeinschafts-coaching-landau\u0022 aria-labelledby=\u0022teaser-2332-title\u0022\u003E\n      \u003Carticle class=\u0022offer-content\u0022\u003E\n      \u003Cdiv id=\u0022teaser-2332-title\u0022 class=\u0022offer-title typo-headline-base headline-sm\u0022 role=\u0022heading\u0022 aria-level=\u00223\u0022\u003E\n        \u003Cspan\u003EBedarfsgemeinschafts-Coaching - Landau\u003C\/span\u003E\n\n      \u003C\/div\u003E\n              \u003Cdiv class=\u0022offer-teaser-item teaser-location\u0022\u003E\n          \u003Ci class=\u0022i i-location\u0022\u003E\u003C\/i\u003E\n          \n  \u003Cdiv class=\u0022field field--name-field-address field--type-address field--label-hidden field__items\u0022\u003E\n        \u003Cdiv class=\u0022field__item\u0022\u003E\u003Cp class=\u0022address\u0022 translate=\u0022no\u0022\u003E\u003Cspan class=\u0022organization\u0022\u003ECJD Landau\u003C\/span\u003E\u003Cbr\u003E\n\u003Cspan class=\u0022address-line1\u0022\u003EAlfred-Nobel-Platz 1 (1.OG)\u003C\/span\u003E\u003Cbr\u003E\n\u003Cspan class=\u0022address-line2\u0022\u003E(Neues Messegel\u00e4nde)\u003C\/span\u003E\u003Cbr\u003E\n\u003Cspan class=\u0022postal-code\u0022\u003E76829\u003C\/span\u003E \u003Cspan class=\u0022locality\u0022\u003ELandau \u003C\/span\u003E\u003Cbr\u003E\n\u003Cspan class=\u0022country\u0022\u003EDeutschland\u003C\/span\u003E\u003C\/p\u003E\u003C\/div\u003E\n  \u003C\/div\u003E\n        \u003C\/div\u003E\n            \u003Cdiv class=\u0022offer-teaser-terms\u0022\u003E\n                  \u003Cdiv class=\u0022offer-teaser-item teaser-topics\u0022\u003E\n            \u003Ci class=\u0022i i-new-releases\u0022\u003E\u003C\/i\u003E\n            \u003Cdiv class=\u0022item-text\u0022\u003E \n  \u003Cspan\u003EF\u00f6rderung\u003C\/span\u003E\n  \u003Cspan\u003EBedarfsorientierte Gestaltung\u003C\/span\u003E\n  \u003Cspan\u003EBeratung\u003C\/span\u003E\n  \u003Cspan\u003EBetreuung\u003C\/span\u003E\n\u003C\/div\u003E\n          \u003C\/div\u003E\n                          \u003Cdiv class=\u0022offer-teaser-item teaser-target-group\u0022\u003E\n            \u003Ci class=\u0022i i-person\u0022\u003E\u003C\/i\u003E\n            \u003Cdiv class=\u0022item-text\u0022\u003E \n  \u003Cspan\u003EErwachsene\u003C\/span\u003E\n  \u003Cspan\u003EEltern und Familien\u003C\/span\u003E\n  \u003Cspan\u003EMenschen mit Migrationshintergrund\u003C\/span\u003E\n \u003C\/div\u003E\n          \u003C\/div\u003E\n              \u003C\/div\u003E\n    \u003C\/article\u003E\n  \u003C\/a\u003E\n\u003C\/div\u003E\n\n\u003Cdiv class=\u0022node node--type--offer node--view-mode--teaser\u0022\u003E\n      \u003Ca href=\u0022\/de\/begleitete-elternschaft-be-im-raum-landau\u0022 aria-labelledby=\u0022teaser-2444-title\u0022\u003E\n      \u003Carticle class=\u0022offer-content\u0022\u003E\n      \u003Cdiv id=\u0022teaser-2444-title\u0022 class=\u0022offer-title typo-headline-base headline-sm\u0022 role=\u0022heading\u0022 aria-level=\u00223\u0022\u003E\n        \u003Cspan\u003EBegleitete Elternschaft (BE) im Raum Landau\u003C\/span\u003E\n\n      \u003C\/div\u003E\n              \u003Cdiv class=\u0022offer-teaser-item teaser-location\u0022\u003E\n          \u003Ci class=\u0022i i-location\u0022\u003E\u003C\/i\u003E\n          \n  \u003Cdiv class=\u0022field field--name-field-address field--type-address field--label-hidden field__items\u0022\u003E\n        \u003Cdiv class=\u0022field__item\u0022\u003E\u003Cp class=\u0022address\u0022 translate=\u0022no\u0022\u003E\u003Cspan class=\u0022organization\u0022\u003ECJD Landau\u003C\/span\u003E\u003Cbr\u003E\n\u003Cspan class=\u0022address-line1\u0022\u003EAlfred-Nobel Platz 1\u003C\/span\u003E\u003Cbr\u003E\n\u003Cspan class=\u0022address-line2\u0022\u003E(B\u00fcro: Schlossstra\u00dfe 2, Germersheim)\u003C\/span\u003E\u003Cbr\u003E\n\u003Cspan class=\u0022postal-code\u0022\u003E76829\u003C\/span\u003E \u003Cspan class=\u0022locality\u0022\u003ELandau\u003C\/span\u003E\u003Cbr\u003E\n\u003Cspan class=\u0022country\u0022\u003EDeutschland\u003C\/span\u003E\u003C\/p\u003E\u003C\/div\u003E\n  \u003C\/div\u003E\n        \u003C\/div\u003E\n            \u003Cdiv class=\u0022offer-teaser-terms\u0022\u003E\n                  \u003Cdiv class=\u0022offer-teaser-item teaser-topics\u0022\u003E\n            \u003Ci class=\u0022i i-new-releases\u0022\u003E\u003C\/i\u003E\n            \u003Cdiv class=\u0022item-text\u0022\u003E \n  \u003Cspan\u003EFamilienhilfe\u003C\/span\u003E\n  \u003Cspan\u003EErziehungskompetenz st\u00e4rken\u003C\/span\u003E\n  \u003Cspan\u003EUnterst\u00fctzung\u003C\/span\u003E\n\u003C\/div\u003E\n          \u003C\/div\u003E\n                          \u003Cdiv class=\u0022offer-teaser-item teaser-target-group\u0022\u003E\n            \u003Ci class=\u0022i i-person\u0022\u003E\u003C\/i\u003E\n            \u003Cdiv class=\u0022item-text\u0022\u003E \n  \u003Cspan\u003EEltern und Familien\u003C\/span\u003E\n \u003C\/div\u003E\n          \u003C\/div\u003E\n              \u003C\/div\u003E\n    \u003C\/article\u003E\n  \u003C\/a\u003E\n\u003C\/div\u003E\n\n\u003Cdiv class=\u0022node node--type--offer node--view-mode--teaser\u0022\u003E\n      \u003Ca href=\u0022\/de\/beratung-und-coaching-landau\u0022 aria-labelledby=\u0022teaser-2540-title\u0022\u003E\n      \u003Carticle class=\u0022offer-content\u0022\u003E\n      \u003Cdiv id=\u0022teaser-2540-title\u0022 class=\u0022offer-title typo-headline-base headline-sm\u0022 role=\u0022heading\u0022 aria-level=\u00223\u0022\u003E\n        \u003Cspan\u003EBeratung und Coaching - Landau\u003C\/span\u003E\n\n      \u003C\/div\u003E\n              \u003Cdiv class=\u0022offer-teaser-item teaser-location\u0022\u003E\n          \u003Ci class=\u0022i i-location\u0022\u003E\u003C\/i\u003E\n          \n  \u003Cdiv class=\u0022field field--name-field-address field--type-address field--label-hidden field__items\u0022\u003E\n        \u003Cdiv class=\u0022field__item\u0022\u003E\u003Cp class=\u0022address\u0022 translate=\u0022no\u0022\u003E\u003Cspan class=\u0022organization\u0022\u003ECJD Landau\u003C\/span\u003E\u003Cbr\u003E\n\u003Cspan class=\u0022address-line1\u0022\u003EAlfred-Nobel-Platz 1 (1.OG)\u003C\/span\u003E\u003Cbr\u003E\n\u003Cspan class=\u0022address-line2\u0022\u003E(Neues Messegel\u00e4nde)\u003C\/span\u003E\u003Cbr\u003E\n\u003Cspan class=\u0022postal-code\u0022\u003E76829\u003C\/span\u003E \u003Cspan class=\u0022locality\u0022\u003ELandau\u003C\/span\u003E\u003Cbr\u003E\n\u003Cspan class=\u0022country\u0022\u003EDeutschland\u003C\/span\u003E\u003C\/p\u003E\u003C\/div\u003E\n  \u003C\/div\u003E\n        \u003C\/div\u003E\n            \u003Cdiv class=\u0022offer-teaser-terms\u0022\u003E\n                  \u003Cdiv class=\u0022offer-teaser-item teaser-topics\u0022\u003E\n            \u003Ci class=\u0022i i-new-releases\u0022\u003E\u003C\/i\u003E\n            \u003Cdiv class=\u0022item-text\u0022\u003E \n  \u003Cspan\u003EF\u00f6rderung\u003C\/span\u003E\n  \u003Cspan\u003EBedarfsorientierte Gestaltung\u003C\/span\u003E\n  \u003Cspan\u003EBeratung\u003C\/span\u003E\n  \u003Cspan\u003EBetreuung\u003C\/span\u003E\n\u003C\/div\u003E\n          \u003C\/div\u003E\n                          \u003Cdiv class=\u0022offer-teaser-item teaser-target-group\u0022\u003E\n            \u003Ci class=\u0022i i-person\u0022\u003E\u003C\/i\u003E\n            \u003Cdiv class=\u0022item-text\u0022\u003E \n  \u003Cspan\u003EErwachsene\u003C\/span\u003E\n  \u003Cspan\u003EEltern und Familien\u003C\/span\u003E\n  \u003Cspan\u003EMenschen mit Migrationshintergrund\u003C\/span\u003E\n \u003C\/div\u003E\n          \u003C\/div\u003E\n              \u003C\/div\u003E\n    \u003C\/article\u003E\n  \u003C\/a\u003E\n\u003C\/div\u003E\n\n\u003Cdiv class=\u0022node node--type--offer node--view-mode--teaser\u0022\u003E\n      \u003Ca href=\u0022\/de\/fruehe-hilfen-unterstuetzung-und-hilfe-fuer-junge-eltern-im-raum-landau\u0022 aria-labelledby=\u0022teaser-2443-title\u0022\u003E\n      \u003Carticle class=\u0022offer-content\u0022\u003E\n      \u003Cdiv id=\u0022teaser-2443-title\u0022 class=\u0022offer-title typo-headline-base headline-sm\u0022 role=\u0022heading\u0022 aria-level=\u00223\u0022\u003E\n        \u003Cspan\u003EFr\u00fche Hilfen Unterst\u00fctzung und Hilfe f\u00fcr junge Eltern im Raum Landau\u003C\/span\u003E\n\n      \u003C\/div\u003E\n              \u003Cdiv class=\u0022offer-teaser-item teaser-location\u0022\u003E\n          \u003Ci class=\u0022i i-location\u0022\u003E\u003C\/i\u003E\n          \n  \u003Cdiv class=\u0022field field--name-field-address field--type-address field--label-hidden field__items\u0022\u003E\n        \u003Cdiv class=\u0022field__item\u0022\u003E\u003Cp class=\u0022address\u0022 translate=\u0022no\u0022\u003E\u003Cspan class=\u0022organization\u0022\u003ECJD Landau\u003C\/span\u003E\u003Cbr\u003E\n\u003Cspan class=\u0022address-line1\u0022\u003EAlfred-Nobel Platz 1\u003C\/span\u003E\u003Cbr\u003E\n\u003Cspan class=\u0022address-line2\u0022\u003E(B\u00fcro: Schlossstra\u00dfe 2, Germersheim)\u003C\/span\u003E\u003Cbr\u003E\n\u003Cspan class=\u0022postal-code\u0022\u003E76829\u003C\/span\u003E \u003Cspan class=\u0022locality\u0022\u003ELandau\u003C\/span\u003E\u003Cbr\u003E\n\u003Cspan class=\u0022country\u0022\u003EDeutschland\u003C\/span\u003E\u003C\/p\u003E\u003C\/div\u003E\n  \u003C\/div\u003E\n        \u003C\/div\u003E\n            \u003Cdiv class=\u0022offer-teaser-terms\u0022\u003E\n                  \u003Cdiv class=\u0022offer-teaser-item teaser-topics\u0022\u003E\n            \u003Ci class=\u0022i i-new-releases\u0022\u003E\u003C\/i\u003E\n            \u003Cdiv class=\u0022item-text\u0022\u003E \n  \u003Cspan\u003EFamilienhilfe\u003C\/span\u003E\n\u003C\/div\u003E\n          \u003C\/div\u003E\n                          \u003Cdiv class=\u0022offer-teaser-item teaser-target-group\u0022\u003E\n            \u003Ci class=\u0022i i-person\u0022\u003E\u003C\/i\u003E\n            \u003Cdiv class=\u0022item-text\u0022\u003E \n  \u003Cspan\u003EEltern und Familien\u003C\/span\u003E\n \u003C\/div\u003E\n          \u003C\/div\u003E\n              \u003C\/div\u003E\n    \u003C\/article\u003E\n  \u003C\/a\u003E\n\u003C\/div\u003E\n\n\u003Cdiv class=\u0022node node--type--offer node--view-mode--teaser\u0022\u003E\n      \u003Ca href=\u0022\/de\/job-coach-landau\u0022 aria-labelledby=\u0022teaser-3138-title\u0022\u003E\n      \u003Carticle class=\u0022offer-content\u0022\u003E\n      \u003Cdiv id=\u0022teaser-3138-title\u0022 class=\u0022offer-title typo-headline-base headline-sm\u0022 role=\u0022heading\u0022 aria-level=\u00223\u0022\u003E\n        \u003Cspan\u003EJob Coach Landau\u003C\/span\u003E\n\n      \u003C\/div\u003E\n              \u003Cdiv class=\u0022offer-teaser-item teaser-location\u0022\u003E\n          \u003Ci class=\u0022i i-location\u0022\u003E\u003C\/i\u003E\n          \n  \u003Cdiv class=\u0022field field--name-field-address field--type-address field--label-hidden field__items\u0022\u003E\n        \u003Cdiv class=\u0022field__item\u0022\u003E\u003Cp class=\u0022address\u0022 translate=\u0022no\u0022\u003E\u003Cspan class=\u0022organization\u0022\u003ECJD Landau\u003C\/span\u003E\u003Cbr\u003E\n\u003Cspan class=\u0022address-line1\u0022\u003EAlfred-Nobel-Platz 1 (1.OG)\u003C\/span\u003E\u003Cbr\u003E\n\u003Cspan class=\u0022address-line2\u0022\u003ENeues Messegel\u00e4nde\u003C\/span\u003E\u003Cbr\u003E\n\u003Cspan class=\u0022postal-code\u0022\u003E76829\u003C\/span\u003E \u003Cspan class=\u0022locality\u0022\u003ELandau\u003C\/span\u003E\u003Cbr\u003E\n\u003Cspan class=\u0022country\u0022\u003EDeutschland\u003C\/span\u003E\u003C\/p\u003E\u003C\/div\u003E\n  \u003C\/div\u003E\n        \u003C\/div\u003E\n            \u003Cdiv class=\u0022offer-teaser-terms\u0022\u003E\n                  \u003Cdiv class=\u0022offer-teaser-item teaser-topics\u0022\u003E\n            \u003Ci class=\u0022i i-new-releases\u0022\u003E\u003C\/i\u003E\n            \u003Cdiv class=\u0022item-text\u0022\u003E \n  \u003Cspan\u003E\u00dcbergang erster Arbeitsmarkt\u003C\/span\u003E\n  \u003Cspan\u003EBerufliche Qualifikation\u003C\/span\u003E\n  \u003Cspan\u003EBeratung\u003C\/span\u003E\n  \u003Cspan\u003EBewerbungsunterst\u00fctzung\u003C\/span\u003E\n  \u003Cspan\u003EUnterst\u00fctzung\u003C\/span\u003E\n\u003C\/div\u003E\n          \u003C\/div\u003E\n                          \u003Cdiv class=\u0022offer-teaser-item teaser-target-group\u0022\u003E\n            \u003Ci class=\u0022i i-person\u0022\u003E\u003C\/i\u003E\n            \u003Cdiv class=\u0022item-text\u0022\u003E \n  \u003Cspan\u003EErwachsene\u003C\/span\u003E\n  \u003Cspan\u003EMenschen mit Migrationshintergrund\u003C\/span\u003E\n \u003C\/div\u003E\n          \u003C\/div\u003E\n              \u003C\/div\u003E\n    \u003C\/article\u003E\n  \u003C\/a\u003E\n\u003C\/div\u003E\n","entity_type":"node","used_ids":["",3570,2332,2444,2540,2443,3138],"show_more":"\u003Cdiv class=\u0022del-show-more\u0022\u003E\u003Ca href=\u0022\/de\/ajax\/del\/76ccf511-a729-4149-99c5-f02362854381\/paragraph\/7\/6\/asc\/eyJub2RlIjp7ImlkIjoiMTM3NCIsInR5cGUiOiJwYWdlIn19\u0022 title=\u0022Mehr elemente anzeigen\u0022 class=\u0022del-show-more-link use-ajax\u0022 rel=\u0022nofollow\u0022 data-target-type=\u0022node\u0022 aria-controls=\u0022del--paragraph-5758--content\u0022 aria-label=\u0022Mehr elemente anzeigen\u0022\u003EMehr anzeigen\u003C\/a\u003E\u003C\/div\u003E\n"}]