[{"command":"settings","settings":{"pluralDelimiter":"\u0003","suppressDeprecationErrors":true,"ajaxPageState":{"libraries":"eJxLqcxLzM1Mjk_NK8ksqYzPySwu0S_OyC-Pz80vSgUAtBcL_w","theme":"cjd","theme_token":null},"ajaxTrustedUrl":[],"csp":{"nonce":"5Na8m5wL52Z_TwXBM3P3yA"},"user":{"uid":0,"permissionsHash":"c1125b369a7e15b13772875c04cea41b0b84fabb44b759d8275303f5723b9ee7"}},"merge":true},{"command":"add_css","data":[{"rel":"stylesheet","media":"all","href":"\/sites\/default\/files\/css\/css_KLr2cejCds13yXbN6XzQjMRzmef65rerdAzUrRFWqn8.css?delta=0\u0026language=de\u0026theme=cjd\u0026include=eJxLzi9K1U8pKi1IzNFLzEqsAAA0wAYz"},{"rel":"stylesheet","media":"all","href":"\/sites\/default\/files\/css\/css_b1LJgX55_PliihHpD7ahvFnlUq8xUspelw3mtrlm3xw.css?delta=1\u0026language=de\u0026theme=cjd\u0026include=eJxLzi9K1U8pKi1IzNFLzEqsAAA0wAYz"}]},{"command":"add_js","selector":"body","data":[{"src":"\/core\/assets\/vendor\/jquery\/jquery.min.js?v=4.0.0"},{"src":"\/sites\/default\/files\/js\/js_C7ImIHujF8oAdQn3tYZ7OWQxkGPDZHWu2ue3AARt0DM.js?scope=footer\u0026delta=1\u0026language=de\u0026theme=cjd\u0026include=eJxLqcxLzM1Mjk_NK8ksqYzPySwu0S_OyC-Pz80vSgUAtBcL_w"}]},{"command":"showMoreTeasers","id":"del--paragraph-31464","content":"\n\u003Carticle id=\u0022rs_read_this\u0022 class=\u0022node node--type--donation-project node--view-mode--teaser\u0022\u003E\n  \u003Ca href=\u0022\/de\/feelerleben-freizeit-bedeutet-freiheit\u0022 aria-labelledby=\u0022teaser-7284-title\u0022\u003E\n          \u003Cdiv class=\u0022donation-teaser-image\u0022\u003E\n        \n  \u003Cdiv class=\u0022field field--name-field-image field--type-entity-reference field--label-hidden field__items\u0022\u003E\n        \u003Cdiv class=\u0022field__item\u0022\u003E    \u003Cpicture\u003E\n                \u003C!--[if IE 9]\u003E\n      \u003Cvideo style=\u0022display: none;\u0022\u003E\u003C![endif]--\u003E\n              \u003Csource srcset=\u0022\/sites\/default\/files\/styles\/img_sm_4_3_bp_md\/public\/2026-03\/41244_27-cjd_fotoreportage_solveymaike-27.jpg.webp?h=56d0ca2e\u0026amp;itok=USeVY3ym 1x\u0022 media=\u0022all and (min-width: 768px) and (max-width: 959px)\u0022 type=\u0022image\/webp\u0022 width=\u0022294\u0022 height=\u0022220\u0022\/\u003E\n              \u003Csource srcset=\u0022\/sites\/default\/files\/styles\/img_sm_4_3_bp_lg\/public\/2026-03\/41244_27-cjd_fotoreportage_solveymaike-27.jpg.webp?h=56d0ca2e\u0026amp;itok=EDkhMPDH 1x\u0022 media=\u0022all and (min-width: 960px) and (max-width: 1439px)\u0022 type=\u0022image\/webp\u0022 width=\u0022438\u0022 height=\u0022328\u0022\/\u003E\n              \u003Csource srcset=\u0022\/sites\/default\/files\/styles\/img_sm_4_3_bp_xl\/public\/2026-03\/41244_27-cjd_fotoreportage_solveymaike-27.jpg.webp?h=56d0ca2e\u0026amp;itok=l4EnbrzB 1x\u0022 media=\u0022all and (min-width: 1440px)\u0022 type=\u0022image\/webp\u0022 width=\u0022560\u0022 height=\u0022420\u0022\/\u003E\n            \u003C!--[if IE 9]\u003E\u003C\/video\u003E\u003C![endif]--\u003E\n            \u003Cimg loading=\u0022lazy\u0022 width=\u0022235\u0022 height=\u0022176\u0022 src=\u0022\/sites\/default\/files\/styles\/img_sm_4_3_bp_default\/public\/2026-03\/41244_27-cjd_fotoreportage_solveymaike-27.jpg.jpg?h=56d0ca2e\u0026amp;itok=u0dgtuXL\u0022 \/\u003E\n\n  \u003C\/picture\u003E\n\n\u003C\/div\u003E\n  \u003C\/div\u003E\n      \u003C\/div\u003E\n        \u003Cdiv class=\u0022donation-teaser-content\u0022\u003E\n\n      \u003Cdiv class=\u0022donation-project-insights\u0022\u003E\n        \n                  \u003Cdiv class=\u0022bubble\u0022\u003E\n            Erfurt\n          \u003C\/div\u003E\n              \u003C\/div\u003E\n      \u003Cdiv id=\u0022teaser-7284-title\u0022 class=\u0022donation-teaser-headline\u0022 role=\u0022heading\u0022 aria-level=\u00223\u0022\u003E \u003Cspan\u003EFeelErleben \u2013 Freizeit bedeutet Freiheit\u003C\/span\u003E\n \u003C\/div\u003E\n      \u003Cdiv class=\u0022donation-teaser-abstract\u0022\u003E \n  \u003Cdiv class=\u0022field field--name-field-abstract field--type-text-long field--label-hidden field__items\u0022\u003E\n        \u003Cdiv class=\u0022field__item\u0022\u003E  \u003Cp\u003EEin Wochenende am Meer. Ein Besuch im Freizeitpark mit Freundinnen. Eine Gruppenreise in die Berge...\u003C\/p\u003E\n\n\n\u003C\/div\u003E\n  \u003C\/div\u003E \u003C\/div\u003E\n    \u003C\/div\u003E\n  \u003C\/a\u003E\n\u003C\/article\u003E\n\n\u003Carticle id=\u0022rs_read_this\u0022 class=\u0022node node--type--donation-project node--view-mode--teaser\u0022\u003E\n  \u003Ca href=\u0022\/de\/spenden\/ein-fitnessraum-fuer-die-zukunft\u0022 aria-labelledby=\u0022teaser-7168-title\u0022\u003E\n          \u003Cdiv class=\u0022donation-teaser-image\u0022\u003E\n        \n  \u003Cdiv class=\u0022field field--name-field-image field--type-entity-reference field--label-hidden field__items\u0022\u003E\n        \u003Cdiv class=\u0022field__item\u0022\u003E    \u003Cpicture\u003E\n                \u003C!--[if IE 9]\u003E\n      \u003Cvideo style=\u0022display: none;\u0022\u003E\u003C![endif]--\u003E\n              \u003Csource srcset=\u0022\/sites\/default\/files\/styles\/img_sm_4_3_bp_md\/public\/2024-11\/7465_fachklinikgarz_hq-160.jpg.webp?h=b4ea52bd\u0026amp;itok=RRKKWsy7 1x\u0022 media=\u0022all and (min-width: 768px) and (max-width: 959px)\u0022 type=\u0022image\/webp\u0022 width=\u0022294\u0022 height=\u0022220\u0022\/\u003E\n              \u003Csource srcset=\u0022\/sites\/default\/files\/styles\/img_sm_4_3_bp_lg\/public\/2024-11\/7465_fachklinikgarz_hq-160.jpg.webp?h=b4ea52bd\u0026amp;itok=nyG2kcKt 1x\u0022 media=\u0022all and (min-width: 960px) and (max-width: 1439px)\u0022 type=\u0022image\/webp\u0022 width=\u0022438\u0022 height=\u0022328\u0022\/\u003E\n              \u003Csource srcset=\u0022\/sites\/default\/files\/styles\/img_sm_4_3_bp_xl\/public\/2024-11\/7465_fachklinikgarz_hq-160.jpg.webp?h=b4ea52bd\u0026amp;itok=IPtv7awv 1x\u0022 media=\u0022all and (min-width: 1440px)\u0022 type=\u0022image\/webp\u0022 width=\u0022560\u0022 height=\u0022420\u0022\/\u003E\n            \u003C!--[if IE 9]\u003E\u003C\/video\u003E\u003C![endif]--\u003E\n            \u003Cimg loading=\u0022lazy\u0022 width=\u0022235\u0022 height=\u0022176\u0022 src=\u0022\/sites\/default\/files\/styles\/img_sm_4_3_bp_default\/public\/2024-11\/7465_fachklinikgarz_hq-160.jpg.jpg?h=b4ea52bd\u0026amp;itok=Y00lAYn7\u0022 alt=\u0022Eine Jugendliche macht Sport auf einem Fitnessger\u00e4t. Links und rechts von ihr sind weitere Jugendliche auf Fitnessger\u00e4ten zu sehen. Spenden helfen einen Fitnessraum in einer Jugendwohngruppe auszustatten.\u0022 \/\u003E\n\n  \u003C\/picture\u003E\n\n\u003C\/div\u003E\n  \u003C\/div\u003E\n      \u003C\/div\u003E\n        \u003Cdiv class=\u0022donation-teaser-content\u0022\u003E\n\n      \u003Cdiv class=\u0022donation-project-insights\u0022\u003E\n                  \u003Cdiv class=\u0022bubble\u0022\u003E\n            \n  \u003Cdiv content=\u002216000.00\u0022 class=\u0022field field--name-field-project-cost field--type-decimal field--label-hidden field__items\u0022\u003E\n        \u003Cdiv content=\u002216000.00\u0022 class=\u0022field__item\u0022\u003E16.000 \u20ac\u003C\/div\u003E\n  \u003C\/div\u003E\n          \u003C\/div\u003E\n        \n                  \u003Cdiv class=\u0022bubble\u0022\u003E\n            Zwickau\n          \u003C\/div\u003E\n              \u003C\/div\u003E\n      \u003Cdiv id=\u0022teaser-7168-title\u0022 class=\u0022donation-teaser-headline\u0022 role=\u0022heading\u0022 aria-level=\u00223\u0022\u003E \u003Cspan\u003EEin Fitnessraum f\u00fcr die Zukunft\u003C\/span\u003E\n \u003C\/div\u003E\n      \u003Cdiv class=\u0022donation-teaser-abstract\u0022\u003E \n  \u003Cdiv class=\u0022field field--name-field-abstract field--type-text-long field--label-hidden field__items\u0022\u003E\n        \u003Cdiv class=\u0022field__item\u0022\u003E  \u003Cp\u003ERund 120 junge Menschen leben im CJD Jugendwohnen Zwickau, w\u00e4hrend sie eine schulische oder...\u003C\/p\u003E\n\n\n\u003C\/div\u003E\n  \u003C\/div\u003E \u003C\/div\u003E\n    \u003C\/div\u003E\n  \u003C\/a\u003E\n\u003C\/article\u003E\n\n\u003Carticle id=\u0022rs_read_this\u0022 class=\u0022node node--type--donation-project node--view-mode--teaser\u0022\u003E\n  \u003Ca href=\u0022\/de\/spenden\/ein-sicherer-ort-zum-toben-wachsen-und-zusammenhalten\u0022 aria-labelledby=\u0022teaser-7043-title\u0022\u003E\n          \u003Cdiv class=\u0022donation-teaser-image\u0022\u003E\n        \n  \u003Cdiv class=\u0022field field--name-field-image field--type-entity-reference field--label-hidden field__items\u0022\u003E\n        \u003Cdiv class=\u0022field__item\u0022\u003E    \u003Cpicture\u003E\n                \u003C!--[if IE 9]\u003E\n      \u003Cvideo style=\u0022display: none;\u0022\u003E\u003C![endif]--\u003E\n              \u003Csource srcset=\u0022\/sites\/default\/files\/styles\/img_sm_4_3_bp_md\/public\/2026-02\/42645_12-cjd_kjfh_sensiblethemenbereiche_web-12.jpg.webp?h=56d0ca2e\u0026amp;itok=O0NQdxyX 1x\u0022 media=\u0022all and (min-width: 768px) and (max-width: 959px)\u0022 type=\u0022image\/webp\u0022 width=\u0022294\u0022 height=\u0022220\u0022\/\u003E\n              \u003Csource srcset=\u0022\/sites\/default\/files\/styles\/img_sm_4_3_bp_lg\/public\/2026-02\/42645_12-cjd_kjfh_sensiblethemenbereiche_web-12.jpg.webp?h=56d0ca2e\u0026amp;itok=7sKsbpSA 1x\u0022 media=\u0022all and (min-width: 960px) and (max-width: 1439px)\u0022 type=\u0022image\/webp\u0022 width=\u0022438\u0022 height=\u0022328\u0022\/\u003E\n              \u003Csource srcset=\u0022\/sites\/default\/files\/styles\/img_sm_4_3_bp_xl\/public\/2026-02\/42645_12-cjd_kjfh_sensiblethemenbereiche_web-12.jpg.webp?h=56d0ca2e\u0026amp;itok=LeHC_9-g 1x\u0022 media=\u0022all and (min-width: 1440px)\u0022 type=\u0022image\/webp\u0022 width=\u0022560\u0022 height=\u0022420\u0022\/\u003E\n            \u003C!--[if IE 9]\u003E\u003C\/video\u003E\u003C![endif]--\u003E\n            \u003Cimg loading=\u0022lazy\u0022 width=\u0022235\u0022 height=\u0022176\u0022 src=\u0022\/sites\/default\/files\/styles\/img_sm_4_3_bp_default\/public\/2026-02\/42645_12-cjd_kjfh_sensiblethemenbereiche_web-12.jpg.jpg?h=56d0ca2e\u0026amp;itok=EPRrQMB4\u0022 \/\u003E\n\n  \u003C\/picture\u003E\n\n\u003C\/div\u003E\n  \u003C\/div\u003E\n      \u003C\/div\u003E\n        \u003Cdiv class=\u0022donation-teaser-content\u0022\u003E\n\n      \u003Cdiv class=\u0022donation-project-insights\u0022\u003E\n                  \u003Cdiv class=\u0022bubble\u0022\u003E\n            \n  \u003Cdiv content=\u002250000.00\u0022 class=\u0022field field--name-field-project-cost field--type-decimal field--label-hidden field__items\u0022\u003E\n        \u003Cdiv content=\u002250000.00\u0022 class=\u0022field__item\u0022\u003E50.000 \u20ac\u003C\/div\u003E\n  \u003C\/div\u003E\n          \u003C\/div\u003E\n        \n                  \u003Cdiv class=\u0022bubble\u0022\u003E\n            L\u00f6bau\n          \u003C\/div\u003E\n              \u003C\/div\u003E\n      \u003Cdiv id=\u0022teaser-7043-title\u0022 class=\u0022donation-teaser-headline\u0022 role=\u0022heading\u0022 aria-level=\u00223\u0022\u003E \u003Cspan\u003EEin sicherer Ort zum Toben, Wachsen und Zusammenhalten\u003C\/span\u003E\n \u003C\/div\u003E\n      \u003Cdiv class=\u0022donation-teaser-abstract\u0022\u003E \n  \u003Cdiv class=\u0022field field--name-field-abstract field--type-text-long field--label-hidden field__items\u0022\u003E\n        \u003Cdiv class=\u0022field__item\u0022\u003E  \u003Cp\u003EBewegung schenkt unseren Kindern Halt, Freude und Selbstvertrauen. Damit der Sportplatz im Kinder-...\u003C\/p\u003E\n\n\n\u003C\/div\u003E\n  \u003C\/div\u003E \u003C\/div\u003E\n    \u003C\/div\u003E\n  \u003C\/a\u003E\n\u003C\/article\u003E\n\n\u003Carticle id=\u0022rs_read_this\u0022 class=\u0022node node--type--donation-project node--view-mode--teaser\u0022\u003E\n  \u003Ca href=\u0022\/de\/spenden\/aktivitaeten-schaffen-perspektiven-hilfe-bei-der-betrieblichen-inklusion\u0022 aria-labelledby=\u0022teaser-6988-title\u0022\u003E\n          \u003Cdiv class=\u0022donation-teaser-image\u0022\u003E\n        \n  \u003Cdiv class=\u0022field field--name-field-image field--type-entity-reference field--label-hidden field__items\u0022\u003E\n        \u003Cdiv class=\u0022field__item\u0022\u003E    \u003Cpicture\u003E\n                \u003C!--[if IE 9]\u003E\n      \u003Cvideo style=\u0022display: none;\u0022\u003E\u003C![endif]--\u003E\n              \u003Csource srcset=\u0022\/sites\/default\/files\/styles\/img_sm_4_3_bp_md\/public\/2023-06\/3190_cjd_10_20222194.jpg.webp?h=9fe24eb1\u0026amp;itok=EY__AUn2 1x\u0022 media=\u0022all and (min-width: 768px) and (max-width: 959px)\u0022 type=\u0022image\/webp\u0022 width=\u0022294\u0022 height=\u0022220\u0022\/\u003E\n              \u003Csource srcset=\u0022\/sites\/default\/files\/styles\/img_sm_4_3_bp_lg\/public\/2023-06\/3190_cjd_10_20222194.jpg.webp?h=9fe24eb1\u0026amp;itok=CGj8IAGr 1x\u0022 media=\u0022all and (min-width: 960px) and (max-width: 1439px)\u0022 type=\u0022image\/webp\u0022 width=\u0022438\u0022 height=\u0022328\u0022\/\u003E\n              \u003Csource srcset=\u0022\/sites\/default\/files\/styles\/img_sm_4_3_bp_xl\/public\/2023-06\/3190_cjd_10_20222194.jpg.webp?h=9fe24eb1\u0026amp;itok=tk8vlJ0K 1x\u0022 media=\u0022all and (min-width: 1440px)\u0022 type=\u0022image\/webp\u0022 width=\u0022560\u0022 height=\u0022420\u0022\/\u003E\n            \u003C!--[if IE 9]\u003E\u003C\/video\u003E\u003C![endif]--\u003E\n            \u003Cimg loading=\u0022lazy\u0022 width=\u0022235\u0022 height=\u0022176\u0022 src=\u0022\/sites\/default\/files\/styles\/img_sm_4_3_bp_default\/public\/2023-06\/3190_cjd_10_20222194.jpg.jpg?h=9fe24eb1\u0026amp;itok=VT7dp_2O\u0022 \/\u003E\n\n  \u003C\/picture\u003E\n\n\u003C\/div\u003E\n  \u003C\/div\u003E\n      \u003C\/div\u003E\n        \u003Cdiv class=\u0022donation-teaser-content\u0022\u003E\n\n      \u003Cdiv class=\u0022donation-project-insights\u0022\u003E\n                  \u003Cdiv class=\u0022bubble\u0022\u003E\n            \n  \u003Cdiv content=\u00221200.00\u0022 class=\u0022field field--name-field-project-cost field--type-decimal field--label-hidden field__items\u0022\u003E\n        \u003Cdiv content=\u00221200.00\u0022 class=\u0022field__item\u0022\u003E1.200 \u20ac\u003C\/div\u003E\n  \u003C\/div\u003E\n          \u003C\/div\u003E\n        \n                  \u003Cdiv class=\u0022bubble\u0022\u003E\n            G\u00f6ppingen-Faurndau\n          \u003C\/div\u003E\n              \u003C\/div\u003E\n      \u003Cdiv id=\u0022teaser-6988-title\u0022 class=\u0022donation-teaser-headline\u0022 role=\u0022heading\u0022 aria-level=\u00223\u0022\u003E \u003Cspan\u003EAktivit\u00e4ten schaffen Perspektiven: Hilfe bei der betrieblichen Inklusion\u003C\/span\u003E\n \u003C\/div\u003E\n      \u003Cdiv class=\u0022donation-teaser-abstract\u0022\u003E \n  \u003Cdiv class=\u0022field field--name-field-abstract field--type-text-long field--label-hidden field__items\u0022\u003E\n        \u003Cdiv class=\u0022field__item\u0022\u003E  \u003Cp\u003EIn G\u00f6ppingen-Faurndau unterst\u00fctzen wir mit dem Dienst zur betrieblichen Inklusion (DINA) Menschen...\u003C\/p\u003E\n\n\n\u003C\/div\u003E\n  \u003C\/div\u003E \u003C\/div\u003E\n    \u003C\/div\u003E\n  \u003C\/a\u003E\n\u003C\/article\u003E\n\n\u003Carticle id=\u0022rs_read_this\u0022 class=\u0022node node--type--donation-project node--view-mode--teaser\u0022\u003E\n  \u003Ca href=\u0022\/de\/spenden\/sehen-spueren-verstehen-drogenpraevention-die-wirkt\u0022 aria-labelledby=\u0022teaser-6951-title\u0022\u003E\n          \u003Cdiv class=\u0022donation-teaser-image\u0022\u003E\n        \n  \u003Cdiv class=\u0022field field--name-field-image field--type-entity-reference field--label-hidden field__items\u0022\u003E\n        \u003Cdiv class=\u0022field__item\u0022\u003E    \u003Cpicture\u003E\n                \u003C!--[if IE 9]\u003E\n      \u003Cvideo style=\u0022display: none;\u0022\u003E\u003C![endif]--\u003E\n              \u003Csource srcset=\u0022\/sites\/default\/files\/styles\/img_sm_4_3_bp_md\/public\/2026-02\/42788_159-cjd_kjfh_sensiblethemenbereiche_web-159.jpg.webp?h=56d0ca2e\u0026amp;itok=tf2UML-P 1x\u0022 media=\u0022all and (min-width: 768px) and (max-width: 959px)\u0022 type=\u0022image\/webp\u0022 width=\u0022294\u0022 height=\u0022220\u0022\/\u003E\n              \u003Csource srcset=\u0022\/sites\/default\/files\/styles\/img_sm_4_3_bp_lg\/public\/2026-02\/42788_159-cjd_kjfh_sensiblethemenbereiche_web-159.jpg.webp?h=56d0ca2e\u0026amp;itok=U5eqwv04 1x\u0022 media=\u0022all and (min-width: 960px) and (max-width: 1439px)\u0022 type=\u0022image\/webp\u0022 width=\u0022438\u0022 height=\u0022328\u0022\/\u003E\n              \u003Csource srcset=\u0022\/sites\/default\/files\/styles\/img_sm_4_3_bp_xl\/public\/2026-02\/42788_159-cjd_kjfh_sensiblethemenbereiche_web-159.jpg.webp?h=56d0ca2e\u0026amp;itok=gPJJVkVB 1x\u0022 media=\u0022all and (min-width: 1440px)\u0022 type=\u0022image\/webp\u0022 width=\u0022560\u0022 height=\u0022420\u0022\/\u003E\n            \u003C!--[if IE 9]\u003E\u003C\/video\u003E\u003C![endif]--\u003E\n            \u003Cimg loading=\u0022lazy\u0022 width=\u0022235\u0022 height=\u0022176\u0022 src=\u0022\/sites\/default\/files\/styles\/img_sm_4_3_bp_default\/public\/2026-02\/42788_159-cjd_kjfh_sensiblethemenbereiche_web-159.jpg.jpg?h=56d0ca2e\u0026amp;itok=wFiVeISk\u0022 \/\u003E\n\n  \u003C\/picture\u003E\n\n\u003C\/div\u003E\n  \u003C\/div\u003E\n      \u003C\/div\u003E\n        \u003Cdiv class=\u0022donation-teaser-content\u0022\u003E\n\n      \u003Cdiv class=\u0022donation-project-insights\u0022\u003E\n                  \u003Cdiv class=\u0022bubble\u0022\u003E\n            \n  \u003Cdiv content=\u00221500.00\u0022 class=\u0022field field--name-field-project-cost field--type-decimal field--label-hidden field__items\u0022\u003E\n        \u003Cdiv content=\u00221500.00\u0022 class=\u0022field__item\u0022\u003E1.500 \u20ac\u003C\/div\u003E\n  \u003C\/div\u003E\n          \u003C\/div\u003E\n        \n                  \u003Cdiv class=\u0022bubble\u0022\u003E\n            Nagold\n          \u003C\/div\u003E\n              \u003C\/div\u003E\n      \u003Cdiv id=\u0022teaser-6951-title\u0022 class=\u0022donation-teaser-headline\u0022 role=\u0022heading\u0022 aria-level=\u00223\u0022\u003E \u003Cspan\u003ESehen, sp\u00fcren, verstehen: Drogenpr\u00e4vention, die wirkt\u003C\/span\u003E\n \u003C\/div\u003E\n      \u003Cdiv class=\u0022donation-teaser-abstract\u0022\u003E \n  \u003Cdiv class=\u0022field field--name-field-abstract field--type-text-long field--label-hidden field__items\u0022\u003E\n        \u003Cdiv class=\u0022field__item\u0022\u003E  \u003Cp\u003EIm Wohnheim des CJD in Nagold leben rund 200 Auszubildende der Stra\u00dfenbauverwaltung. Um sie...\u003C\/p\u003E\n\n\n\u003C\/div\u003E\n  \u003C\/div\u003E \u003C\/div\u003E\n    \u003C\/div\u003E\n  \u003C\/a\u003E\n\u003C\/article\u003E\n\n\u003Carticle id=\u0022rs_read_this\u0022 class=\u0022node node--type--donation-project node--view-mode--teaser\u0022\u003E\n  \u003Ca href=\u0022\/de\/spenden\/ein-ort-an-dem-hoffnung-waechst-neue-wohngruppe-stuttgart\u0022 aria-labelledby=\u0022teaser-6745-title\u0022\u003E\n          \u003Cdiv class=\u0022donation-teaser-image\u0022\u003E\n        \n  \u003Cdiv class=\u0022field field--name-field-image field--type-entity-reference field--label-hidden field__items\u0022\u003E\n        \u003Cdiv class=\u0022field__item\u0022\u003E    \u003Cpicture\u003E\n                \u003C!--[if IE 9]\u003E\n      \u003Cvideo style=\u0022display: none;\u0022\u003E\u003C![endif]--\u003E\n              \u003Csource srcset=\u0022\/sites\/default\/files\/styles\/img_sm_4_3_bp_md\/public\/2023-08\/7850_braunschweig_montessori_hq-34.jpg.webp?h=790be497\u0026amp;itok=D0LMWwxU 1x\u0022 media=\u0022all and (min-width: 768px) and (max-width: 959px)\u0022 type=\u0022image\/webp\u0022 width=\u0022294\u0022 height=\u0022220\u0022\/\u003E\n              \u003Csource srcset=\u0022\/sites\/default\/files\/styles\/img_sm_4_3_bp_lg\/public\/2023-08\/7850_braunschweig_montessori_hq-34.jpg.webp?h=790be497\u0026amp;itok=Xvu2wBec 1x\u0022 media=\u0022all and (min-width: 960px) and (max-width: 1439px)\u0022 type=\u0022image\/webp\u0022 width=\u0022438\u0022 height=\u0022328\u0022\/\u003E\n              \u003Csource srcset=\u0022\/sites\/default\/files\/styles\/img_sm_4_3_bp_xl\/public\/2023-08\/7850_braunschweig_montessori_hq-34.jpg.webp?h=790be497\u0026amp;itok=Lc0_NSta 1x\u0022 media=\u0022all and (min-width: 1440px)\u0022 type=\u0022image\/webp\u0022 width=\u0022560\u0022 height=\u0022420\u0022\/\u003E\n            \u003C!--[if IE 9]\u003E\u003C\/video\u003E\u003C![endif]--\u003E\n            \u003Cimg loading=\u0022lazy\u0022 width=\u0022235\u0022 height=\u0022176\u0022 src=\u0022\/sites\/default\/files\/styles\/img_sm_4_3_bp_default\/public\/2023-08\/7850_braunschweig_montessori_hq-34.jpg.jpg?h=790be497\u0026amp;itok=xbDMlA5M\u0022 \/\u003E\n\n  \u003C\/picture\u003E\n\n\u003C\/div\u003E\n  \u003C\/div\u003E\n      \u003C\/div\u003E\n        \u003Cdiv class=\u0022donation-teaser-content\u0022\u003E\n\n      \u003Cdiv class=\u0022donation-project-insights\u0022\u003E\n                  \u003Cdiv class=\u0022bubble\u0022\u003E\n            \n  \u003Cdiv content=\u002219500.00\u0022 class=\u0022field field--name-field-project-cost field--type-decimal field--label-hidden field__items\u0022\u003E\n        \u003Cdiv content=\u002219500.00\u0022 class=\u0022field__item\u0022\u003E19.500 \u20ac\u003C\/div\u003E\n  \u003C\/div\u003E\n          \u003C\/div\u003E\n        \n                  \u003Cdiv class=\u0022bubble\u0022\u003E\n            Stuttgart\n          \u003C\/div\u003E\n              \u003C\/div\u003E\n      \u003Cdiv id=\u0022teaser-6745-title\u0022 class=\u0022donation-teaser-headline\u0022 role=\u0022heading\u0022 aria-level=\u00223\u0022\u003E \u003Cspan\u003EEin Ort, an dem Hoffnung w\u00e4chst: Neue Wohngruppe in Stuttgart\u003C\/span\u003E\n \u003C\/div\u003E\n      \u003Cdiv class=\u0022donation-teaser-abstract\u0022\u003E \n  \u003Cdiv class=\u0022field field--name-field-abstract field--type-text-long field--label-hidden field__items\u0022\u003E\n        \u003Cdiv class=\u0022field__item\u0022\u003E  \u003Cp\u003E2026 er\u00f6ffnet das CJD in Stuttgart eine neue Wohngruppe f\u00fcr sechs Kinder und Jugendliche, die Schutz...\u003C\/p\u003E\n\n\n\u003C\/div\u003E\n  \u003C\/div\u003E \u003C\/div\u003E\n    \u003C\/div\u003E\n  \u003C\/a\u003E\n\u003C\/article\u003E\n\n\u003Carticle id=\u0022rs_read_this\u0022 class=\u0022node node--type--donation-project node--view-mode--teaser\u0022\u003E\n  \u003Ca href=\u0022\/de\/spenden\/huehnerpower-jugendliche-wachsen-ueber-sich-hinaus\u0022 aria-labelledby=\u0022teaser-6741-title\u0022\u003E\n          \u003Cdiv class=\u0022donation-teaser-image\u0022\u003E\n        \n  \u003Cdiv class=\u0022field field--name-field-image field--type-entity-reference field--label-hidden field__items\u0022\u003E\n        \u003Cdiv class=\u0022field__item\u0022\u003E    \u003Cpicture\u003E\n                \u003C!--[if IE 9]\u003E\n      \u003Cvideo style=\u0022display: none;\u0022\u003E\u003C![endif]--\u003E\n              \u003Csource srcset=\u0022\/sites\/default\/files\/styles\/img_sm_4_3_bp_md\/public\/2026-01\/44524_7x0a5668.jpg.webp?h=c2d2cfd0\u0026amp;itok=rQfRqTPE 1x\u0022 media=\u0022all and (min-width: 768px) and (max-width: 959px)\u0022 type=\u0022image\/webp\u0022 width=\u0022294\u0022 height=\u0022220\u0022\/\u003E\n              \u003Csource srcset=\u0022\/sites\/default\/files\/styles\/img_sm_4_3_bp_lg\/public\/2026-01\/44524_7x0a5668.jpg.webp?h=c2d2cfd0\u0026amp;itok=ivs0W8dS 1x\u0022 media=\u0022all and (min-width: 960px) and (max-width: 1439px)\u0022 type=\u0022image\/webp\u0022 width=\u0022438\u0022 height=\u0022328\u0022\/\u003E\n              \u003Csource srcset=\u0022\/sites\/default\/files\/styles\/img_sm_4_3_bp_xl\/public\/2026-01\/44524_7x0a5668.jpg.webp?h=c2d2cfd0\u0026amp;itok=7ymzicjZ 1x\u0022 media=\u0022all and (min-width: 1440px)\u0022 type=\u0022image\/webp\u0022 width=\u0022560\u0022 height=\u0022420\u0022\/\u003E\n            \u003C!--[if IE 9]\u003E\u003C\/video\u003E\u003C![endif]--\u003E\n            \u003Cimg loading=\u0022lazy\u0022 width=\u0022235\u0022 height=\u0022176\u0022 src=\u0022\/sites\/default\/files\/styles\/img_sm_4_3_bp_default\/public\/2026-01\/44524_7x0a5668.jpg.jpg?h=c2d2cfd0\u0026amp;itok=AZe62m3y\u0022 alt=\u0022Ein wei\u00dfes Huhn auf trockenem Gras. Eine H\u00fchner-Patenschaft im CJD Hohenleuben st\u00e4rkt die Selbstwirksamkeit und Empathie von Jugendlichen.\u0022 \/\u003E\n\n  \u003C\/picture\u003E\n\n\u003C\/div\u003E\n  \u003C\/div\u003E\n      \u003C\/div\u003E\n        \u003Cdiv class=\u0022donation-teaser-content\u0022\u003E\n\n      \u003Cdiv class=\u0022donation-project-insights\u0022\u003E\n        \n                  \u003Cdiv class=\u0022bubble\u0022\u003E\n            Hohenleuben\n          \u003C\/div\u003E\n              \u003C\/div\u003E\n      \u003Cdiv id=\u0022teaser-6741-title\u0022 class=\u0022donation-teaser-headline\u0022 role=\u0022heading\u0022 aria-level=\u00223\u0022\u003E \u003Cspan\u003EH\u00fchnerpower: Jugendliche wachsen \u00fcber sich hinaus\u003C\/span\u003E\n \u003C\/div\u003E\n      \u003Cdiv class=\u0022donation-teaser-abstract\u0022\u003E \n  \u003Cdiv class=\u0022field field--name-field-abstract field--type-text-long field--label-hidden field__items\u0022\u003E\n        \u003Cdiv class=\u0022field__item\u0022\u003E  \u003Cp\u003EGerettete H\u00fchner, starke Jugendliche und echte Freundschaften: Im CJD Heinrichstift Hohenleuben...\u003C\/p\u003E\n\n\n\u003C\/div\u003E\n  \u003C\/div\u003E \u003C\/div\u003E\n    \u003C\/div\u003E\n  \u003C\/a\u003E\n\u003C\/article\u003E\n\n\u003Carticle id=\u0022rs_read_this\u0022 class=\u0022node node--type--donation-project node--view-mode--teaser\u0022\u003E\n  \u003Ca href=\u0022\/de\/spenden\/gemeinsam-kreativ-kunsttherapie-als-weg-zur-stabilitaet\u0022 aria-labelledby=\u0022teaser-6258-title\u0022\u003E\n          \u003Cdiv class=\u0022donation-teaser-image\u0022\u003E\n        \n  \u003Cdiv class=\u0022field field--name-field-image field--type-entity-reference field--label-hidden field__items\u0022\u003E\n        \u003Cdiv class=\u0022field__item\u0022\u003E    \u003Cpicture\u003E\n                \u003C!--[if IE 9]\u003E\n      \u003Cvideo style=\u0022display: none;\u0022\u003E\u003C![endif]--\u003E\n              \u003Csource srcset=\u0022\/sites\/default\/files\/styles\/img_sm_4_3_bp_md\/public\/2025-11\/39706_cjd_arche_notzingen_web-39.jpg.webp?h=56d0ca2e\u0026amp;itok=6p1197M_ 1x\u0022 media=\u0022all and (min-width: 768px) and (max-width: 959px)\u0022 type=\u0022image\/webp\u0022 width=\u0022294\u0022 height=\u0022220\u0022\/\u003E\n              \u003Csource srcset=\u0022\/sites\/default\/files\/styles\/img_sm_4_3_bp_lg\/public\/2025-11\/39706_cjd_arche_notzingen_web-39.jpg.webp?h=56d0ca2e\u0026amp;itok=y2ZY_hWO 1x\u0022 media=\u0022all and (min-width: 960px) and (max-width: 1439px)\u0022 type=\u0022image\/webp\u0022 width=\u0022438\u0022 height=\u0022328\u0022\/\u003E\n              \u003Csource srcset=\u0022\/sites\/default\/files\/styles\/img_sm_4_3_bp_xl\/public\/2025-11\/39706_cjd_arche_notzingen_web-39.jpg.webp?h=56d0ca2e\u0026amp;itok=_lwQL30O 1x\u0022 media=\u0022all and (min-width: 1440px)\u0022 type=\u0022image\/webp\u0022 width=\u0022560\u0022 height=\u0022420\u0022\/\u003E\n            \u003C!--[if IE 9]\u003E\u003C\/video\u003E\u003C![endif]--\u003E\n            \u003Cimg loading=\u0022lazy\u0022 width=\u0022235\u0022 height=\u0022176\u0022 src=\u0022\/sites\/default\/files\/styles\/img_sm_4_3_bp_default\/public\/2025-11\/39706_cjd_arche_notzingen_web-39.jpg.jpg?h=56d0ca2e\u0026amp;itok=r-dhJgrm\u0022 \/\u003E\n\n  \u003C\/picture\u003E\n\n\u003C\/div\u003E\n  \u003C\/div\u003E\n      \u003C\/div\u003E\n        \u003Cdiv class=\u0022donation-teaser-content\u0022\u003E\n\n      \u003Cdiv class=\u0022donation-project-insights\u0022\u003E\n                  \u003Cdiv class=\u0022bubble\u0022\u003E\n            \n  \u003Cdiv content=\u00221700.00\u0022 class=\u0022field field--name-field-project-cost field--type-decimal field--label-hidden field__items\u0022\u003E\n        \u003Cdiv content=\u00221700.00\u0022 class=\u0022field__item\u0022\u003E1.700 \u20ac\u003C\/div\u003E\n  \u003C\/div\u003E\n          \u003C\/div\u003E\n        \n                  \u003Cdiv class=\u0022bubble\u0022\u003E\n            Notzingen\n          \u003C\/div\u003E\n              \u003C\/div\u003E\n      \u003Cdiv id=\u0022teaser-6258-title\u0022 class=\u0022donation-teaser-headline\u0022 role=\u0022heading\u0022 aria-level=\u00223\u0022\u003E \u003Cspan\u003EGemeinsam kreativ - Kunsttherapie als Weg zur Stabilit\u00e4t\u003C\/span\u003E\n \u003C\/div\u003E\n      \u003Cdiv class=\u0022donation-teaser-abstract\u0022\u003E \n  \u003Cdiv class=\u0022field field--name-field-abstract field--type-text-long field--label-hidden field__items\u0022\u003E\n        \u003Cdiv class=\u0022field__item\u0022\u003E  \u003Cp\u003EDie kreative Tagesstruktur in der CJD ARCHE Notzingen gGmbH erm\u00f6glicht den Bewohnerinnen und...\u003C\/p\u003E\n\n\n\u003C\/div\u003E\n  \u003C\/div\u003E \u003C\/div\u003E\n    \u003C\/div\u003E\n  \u003C\/a\u003E\n\u003C\/article\u003E\n\n\u003Carticle id=\u0022rs_read_this\u0022 class=\u0022node node--type--donation-project node--view-mode--teaser\u0022\u003E\n  \u003Ca href=\u0022\/de\/spenden\/kreativer-raum-selbstwirksamkeit-ein-brennofen-fuer-die-arche\u0022 aria-labelledby=\u0022teaser-5954-title\u0022\u003E\n          \u003Cdiv class=\u0022donation-teaser-image\u0022\u003E\n        \n  \u003Cdiv class=\u0022field field--name-field-image field--type-entity-reference field--label-hidden field__items\u0022\u003E\n        \u003Cdiv class=\u0022field__item\u0022\u003E    \u003Cpicture\u003E\n                \u003C!--[if IE 9]\u003E\n      \u003Cvideo style=\u0022display: none;\u0022\u003E\u003C![endif]--\u003E\n              \u003Csource srcset=\u0022\/sites\/default\/files\/styles\/img_sm_4_3_bp_md\/public\/2025-11\/41328_ki_ps_bild-toepfern.jpg.webp?h=8b284940\u0026amp;itok=li1riISy 1x\u0022 media=\u0022all and (min-width: 768px) and (max-width: 959px)\u0022 type=\u0022image\/webp\u0022 width=\u0022294\u0022 height=\u0022220\u0022\/\u003E\n              \u003Csource srcset=\u0022\/sites\/default\/files\/styles\/img_sm_4_3_bp_lg\/public\/2025-11\/41328_ki_ps_bild-toepfern.jpg.webp?h=8b284940\u0026amp;itok=hi-saRW_ 1x\u0022 media=\u0022all and (min-width: 960px) and (max-width: 1439px)\u0022 type=\u0022image\/webp\u0022 width=\u0022438\u0022 height=\u0022328\u0022\/\u003E\n              \u003Csource srcset=\u0022\/sites\/default\/files\/styles\/img_sm_4_3_bp_xl\/public\/2025-11\/41328_ki_ps_bild-toepfern.jpg.webp?h=8b284940\u0026amp;itok=JKqAXEJZ 1x\u0022 media=\u0022all and (min-width: 1440px)\u0022 type=\u0022image\/webp\u0022 width=\u0022560\u0022 height=\u0022420\u0022\/\u003E\n            \u003C!--[if IE 9]\u003E\u003C\/video\u003E\u003C![endif]--\u003E\n            \u003Cimg loading=\u0022lazy\u0022 width=\u0022235\u0022 height=\u0022176\u0022 src=\u0022\/sites\/default\/files\/styles\/img_sm_4_3_bp_default\/public\/2025-11\/41328_ki_ps_bild-toepfern.jpg.jpg?h=8b284940\u0026amp;itok=x5G---dR\u0022 \/\u003E\n\n  \u003C\/picture\u003E\n\n\u003C\/div\u003E\n  \u003C\/div\u003E\n      \u003C\/div\u003E\n        \u003Cdiv class=\u0022donation-teaser-content\u0022\u003E\n\n      \u003Cdiv class=\u0022donation-project-insights\u0022\u003E\n                  \u003Cdiv class=\u0022bubble\u0022\u003E\n            \n  \u003Cdiv content=\u00223200.00\u0022 class=\u0022field field--name-field-project-cost field--type-decimal field--label-hidden field__items\u0022\u003E\n        \u003Cdiv content=\u00223200.00\u0022 class=\u0022field__item\u0022\u003E3.200 \u20ac\u003C\/div\u003E\n  \u003C\/div\u003E\n          \u003C\/div\u003E\n        \n                  \u003Cdiv class=\u0022bubble\u0022\u003E\n            Notzingen\n          \u003C\/div\u003E\n              \u003C\/div\u003E\n      \u003Cdiv id=\u0022teaser-5954-title\u0022 class=\u0022donation-teaser-headline\u0022 role=\u0022heading\u0022 aria-level=\u00223\u0022\u003E \u003Cspan\u003EKreativer Raum \u0026amp; Selbstwirksamkeit: Ein Brennofen f\u00fcr die ARCHE\u003C\/span\u003E\n \u003C\/div\u003E\n      \u003Cdiv class=\u0022donation-teaser-abstract\u0022\u003E \n  \u003Cdiv class=\u0022field field--name-field-abstract field--type-text-long field--label-hidden field__items\u0022\u003E\n        \u003Cdiv class=\u0022field__item\u0022\u003E  \u003Cp\u003EDie CJD ARCHE Notzingen gGmbH unterst\u00fctzt Menschen mit psychischen Beeintr\u00e4chtigungen auf dem Weg zu...\u003C\/p\u003E\n\n\n\u003C\/div\u003E\n  \u003C\/div\u003E \u003C\/div\u003E\n    \u003C\/div\u003E\n  \u003C\/a\u003E\n\u003C\/article\u003E\n","entity_type":"node","used_ids":["",7284,7168,7043,6988,6951,6745,6741,6258,5954],"show_more":"\u003Cdiv class=\u0022del-show-more\u0022\u003E\u003Ca href=\u0022\/de\/ajax\/del\/6a899b2b-ef8d-4def-b107-e92368da46c8\/paragraph\/10\/9\/asc\/eyJub2RlIjp7ImlkIjoiNTAwIiwidHlwZSI6InBhZ2UifX0%3D\u0022 title=\u0022Mehr elemente anzeigen\u0022 class=\u0022del-show-more-link use-ajax\u0022 rel=\u0022nofollow\u0022 data-target-type=\u0022node\u0022 aria-controls=\u0022del--paragraph-31464--content\u0022 aria-label=\u0022Mehr elemente anzeigen\u0022\u003EMehr anzeigen\u003C\/a\u003E\u003C\/div\u003E\n"}]