[{"command":"settings","settings":{"pluralDelimiter":"\u0003","suppressDeprecationErrors":true,"ajaxPageState":{"libraries":"eJxLqcxLzM1Mjk_NK8ksqYzPySwu0S_OyC-Pz80vSgUAtBcL_w","theme":"cjd","theme_token":null},"ajaxTrustedUrl":[],"csp":{"nonce":"1aoalM0KJVtMNmheu-Ifbg"},"user":{"uid":0,"permissionsHash":"c1125b369a7e15b13772875c04cea41b0b84fabb44b759d8275303f5723b9ee7"}},"merge":true},{"command":"add_css","data":[{"rel":"stylesheet","media":"all","href":"\/sites\/default\/files\/css\/css_KLr2cejCds13yXbN6XzQjMRzmef65rerdAzUrRFWqn8.css?delta=0\u0026language=de\u0026theme=cjd\u0026include=eJxLzi9K1U8pKi1IzNFLzEqsAAA0wAYz"},{"rel":"stylesheet","media":"all","href":"\/sites\/default\/files\/css\/css_b1LJgX55_PliihHpD7ahvFnlUq8xUspelw3mtrlm3xw.css?delta=1\u0026language=de\u0026theme=cjd\u0026include=eJxLzi9K1U8pKi1IzNFLzEqsAAA0wAYz"}]},{"command":"add_js","selector":"body","data":[{"src":"\/core\/assets\/vendor\/jquery\/jquery.min.js?v=4.0.0"},{"src":"\/sites\/default\/files\/js\/js_C7ImIHujF8oAdQn3tYZ7OWQxkGPDZHWu2ue3AARt0DM.js?scope=footer\u0026delta=1\u0026language=de\u0026theme=cjd\u0026include=eJxLqcxLzM1Mjk_NK8ksqYzPySwu0S_OyC-Pz80vSgUAtBcL_w"}]},{"command":"showMoreTeasers","id":"del--paragraph-6056","content":"\n\n\n\u003Carticle  class=\u0022node node--type--article node--view-mode--teaser\u0022\u003E\n  \u003Ca href=\u0022https:\/\/www.cjd.de\/de\/aktuelles-aus-dem-cjd\/muskelkater-aktion\u0022 aria-labelledby=\u0022teaser-7797-title\u0022\u003E\n\n        \u003Cdiv class=\u0022teaser-image\u0022\u003E\n        \u003Cfigure class=\u0022article--teaser-image\u0022\u003E\n        \u003Cpicture\u003E\n                \u003C!--[if IE 9]\u003E\n      \u003Cvideo style=\u0022display: none;\u0022\u003E\u003C![endif]--\u003E\n              \u003Csource srcset=\u0022\/sites\/default\/files\/styles\/img_md_4_3_bp_md\/public\/2026-04\/46830_bewegungsfreundlicher_kindergarten_1.jpeg.webp?h=948cdf94\u0026amp;itok=YsK3crr2 1x\u0022 media=\u0022all and (min-width: 768px) and (max-width: 959px)\u0022 type=\u0022image\/webp\u0022 width=\u0022440\u0022 height=\u0022330\u0022\/\u003E\n              \u003Csource srcset=\u0022\/sites\/default\/files\/styles\/img_md_4_3_bp_lg\/public\/2026-04\/46830_bewegungsfreundlicher_kindergarten_1.jpeg.webp?h=948cdf94\u0026amp;itok=QECmkZOP 1x\u0022 media=\u0022all and (min-width: 960px) and (max-width: 1439px)\u0022 type=\u0022image\/webp\u0022 width=\u0022656\u0022 height=\u0022492\u0022\/\u003E\n              \u003Csource srcset=\u0022\/sites\/default\/files\/styles\/img_md_4_3_bp_xl\/public\/2026-04\/46830_bewegungsfreundlicher_kindergarten_1.jpeg.webp?h=948cdf94\u0026amp;itok=gAqwIxGT 1x\u0022 media=\u0022all and (min-width: 1440px)\u0022 type=\u0022image\/webp\u0022 width=\u0022840\u0022 height=\u0022630\u0022\/\u003E\n            \u003C!--[if IE 9]\u003E\u003C\/video\u003E\u003C![endif]--\u003E\n            \u003Cimg loading=\u0022lazy\u0022 width=\u0022352\u0022 height=\u0022264\u0022 src=\u0022\/sites\/default\/files\/styles\/img_md_4_3_bp_default\/public\/2026-04\/46830_bewegungsfreundlicher_kindergarten_1.jpeg.jpg?h=948cdf94\u0026amp;itok=pEvogeGV\u0022 alt=\u0022Maskottchen Muskelkater mit zwei Frauen und drei Kindern bei der Zertifikats\u00fcbergabe\u0022 \/\u003E\n\n  \u003C\/picture\u003E\n\n\n      \u003C\/figure\u003E\n\n    \u003C\/div\u003E\n\n    \u003Cdiv class=\u0022teaser-content\u0022\u003E\n      \u003Cdiv class=\u0022article-teaser-text\u0022\u003E\n                \n                                        \u003Cdiv id=\u0022teaser-7797-title\u0022\n                 class=\u0022article-headline\u0022\n                 role=\u0022heading\u0022\n                 aria-level=\u00223\u0022\u003E\n              Muskelkater in Aktion\n            \u003C\/div\u003E\n          \n                      \u003Cdiv class=\u0022article-abstract\u0022\u003E\n              \n\n  \u003Cdiv class=\u0022article--teaser-body\u0022\u003E  \u003Cp\u003EAusgezeichnet in Bewegung: \u201eDie kleinen Europ\u00e4er\u201c feiern Qualit\u00e4tssiegel\u003C\/p\u003E\n\n\n\u003C\/div\u003E\n\n            \u003C\/div\u003E\n                        \u003C\/div\u003E\n      \u003Cdiv class=\u0022btn btn-primary\u0022\u003E\n        Mehr anzeigen\n      \u003C\/div\u003E\n\n    \u003C\/div\u003E   \u003C\/a\u003E\n\u003C\/article\u003E\n\n\n\n\u003Carticle  class=\u0022node node--type--article node--view-mode--teaser\u0022\u003E\n  \u003Ca href=\u0022https:\/\/www.cjd.de\/de\/aktuelles-aus-dem-cjd\/hey-alexa-bring-den-alltag-auf-hochtouren\u0022 aria-labelledby=\u0022teaser-7772-title\u0022\u003E\n\n        \u003Cdiv class=\u0022teaser-image\u0022\u003E\n        \u003Cfigure class=\u0022article--teaser-image\u0022\u003E\n        \u003Cpicture\u003E\n                \u003C!--[if IE 9]\u003E\n      \u003Cvideo style=\u0022display: none;\u0022\u003E\u003C![endif]--\u003E\n              \u003Csource srcset=\u0022\/sites\/default\/files\/styles\/img_md_4_3_bp_md\/public\/2026-04\/46684__dsc2995-2.jpg.webp?h=4f465b75\u0026amp;itok=iuADe4pf 1x\u0022 media=\u0022all and (min-width: 768px) and (max-width: 959px)\u0022 type=\u0022image\/webp\u0022 width=\u0022440\u0022 height=\u0022330\u0022\/\u003E\n              \u003Csource srcset=\u0022\/sites\/default\/files\/styles\/img_md_4_3_bp_lg\/public\/2026-04\/46684__dsc2995-2.jpg.webp?h=4f465b75\u0026amp;itok=i3uALuSO 1x\u0022 media=\u0022all and (min-width: 960px) and (max-width: 1439px)\u0022 type=\u0022image\/webp\u0022 width=\u0022656\u0022 height=\u0022492\u0022\/\u003E\n              \u003Csource srcset=\u0022\/sites\/default\/files\/styles\/img_md_4_3_bp_xl\/public\/2026-04\/46684__dsc2995-2.jpg.webp?h=4f465b75\u0026amp;itok=SZTf43q- 1x\u0022 media=\u0022all and (min-width: 1440px)\u0022 type=\u0022image\/webp\u0022 width=\u0022840\u0022 height=\u0022630\u0022\/\u003E\n            \u003C!--[if IE 9]\u003E\u003C\/video\u003E\u003C![endif]--\u003E\n            \u003Cimg loading=\u0022lazy\u0022 width=\u0022352\u0022 height=\u0022264\u0022 src=\u0022\/sites\/default\/files\/styles\/img_md_4_3_bp_default\/public\/2026-04\/46684__dsc2995-2.jpg.jpg?h=4f465b75\u0026amp;itok=ku-1LKLN\u0022 alt=\u0022Ein Mensch lehnt mit verschr\u00e4nkten Armen an einem Tisch und schaut auf ein Alexa Ger\u00e4t.\u0022 \/\u003E\n\n  \u003C\/picture\u003E\n\n\n      \u003C\/figure\u003E\n\n    \u003C\/div\u003E\n\n    \u003Cdiv class=\u0022teaser-content\u0022\u003E\n      \u003Cdiv class=\u0022article-teaser-text\u0022\u003E\n                \n                                        \u003Cdiv id=\u0022teaser-7772-title\u0022\n                 class=\u0022article-headline\u0022\n                 role=\u0022heading\u0022\n                 aria-level=\u00223\u0022\u003E\n              Hey Alexa, bring den Alltag auf Hochtouren!\n            \u003C\/div\u003E\n          \n                      \u003Cdiv class=\u0022article-abstract\u0022\u003E\n              \n\n  \u003Cdiv class=\u0022article--teaser-body\u0022\u003E  \u003Cp\u003EWie digitale Assistenz den Wohn- und Werkstattalltag erleichtert.\u003C\/p\u003E\n\n\n\u003C\/div\u003E\n\n            \u003C\/div\u003E\n                        \u003C\/div\u003E\n      \u003Cdiv class=\u0022btn btn-primary\u0022\u003E\n        Mehr anzeigen\n      \u003C\/div\u003E\n\n    \u003C\/div\u003E   \u003C\/a\u003E\n\u003C\/article\u003E\n\n\n\n\u003Carticle  class=\u0022node node--type--article node--view-mode--teaser\u0022\u003E\n  \u003Ca href=\u0022https:\/\/www.cjd.de\/de\/aktuelles-aus-dem-cjd\/wenn-funken-fliegen-und-gemeinschaft-entsteht\u0022 aria-labelledby=\u0022teaser-7585-title\u0022\u003E\n\n        \u003Cdiv class=\u0022teaser-image\u0022\u003E\n        \u003Cfigure class=\u0022article--teaser-image\u0022\u003E\n        \u003Cpicture\u003E\n                \u003C!--[if IE 9]\u003E\n      \u003Cvideo style=\u0022display: none;\u0022\u003E\u003C![endif]--\u003E\n              \u003Csource srcset=\u0022\/sites\/default\/files\/styles\/img_md_4_3_bp_md\/public\/2026-03\/46067_osterfeuer_1.jpg.webp?h=faefdaa8\u0026amp;itok=db38-Tw3 1x\u0022 media=\u0022all and (min-width: 768px) and (max-width: 959px)\u0022 type=\u0022image\/webp\u0022 width=\u0022440\u0022 height=\u0022330\u0022\/\u003E\n              \u003Csource srcset=\u0022\/sites\/default\/files\/styles\/img_md_4_3_bp_lg\/public\/2026-03\/46067_osterfeuer_1.jpg.webp?h=faefdaa8\u0026amp;itok=dVrPQaJE 1x\u0022 media=\u0022all and (min-width: 960px) and (max-width: 1439px)\u0022 type=\u0022image\/webp\u0022 width=\u0022656\u0022 height=\u0022492\u0022\/\u003E\n              \u003Csource srcset=\u0022\/sites\/default\/files\/styles\/img_md_4_3_bp_xl\/public\/2026-03\/46067_osterfeuer_1.jpg.webp?h=faefdaa8\u0026amp;itok=IWR_tnTu 1x\u0022 media=\u0022all and (min-width: 1440px)\u0022 type=\u0022image\/webp\u0022 width=\u0022840\u0022 height=\u0022630\u0022\/\u003E\n            \u003C!--[if IE 9]\u003E\u003C\/video\u003E\u003C![endif]--\u003E\n            \u003Cimg loading=\u0022lazy\u0022 width=\u0022352\u0022 height=\u0022264\u0022 src=\u0022\/sites\/default\/files\/styles\/img_md_4_3_bp_default\/public\/2026-03\/46067_osterfeuer_1.jpg.jpg?h=faefdaa8\u0026amp;itok=Q4GJVprv\u0022 alt=\u0022Jugendliche an der Feuerschale\u0022 \/\u003E\n\n  \u003C\/picture\u003E\n\n\n      \u003C\/figure\u003E\n\n    \u003C\/div\u003E\n\n    \u003Cdiv class=\u0022teaser-content\u0022\u003E\n      \u003Cdiv class=\u0022article-teaser-text\u0022\u003E\n                \n                                        \u003Cdiv id=\u0022teaser-7585-title\u0022\n                 class=\u0022article-headline\u0022\n                 role=\u0022heading\u0022\n                 aria-level=\u00223\u0022\u003E\n              Wenn Funken fliegen und Gemeinschaft entsteht \n            \u003C\/div\u003E\n          \n                      \u003Cdiv class=\u0022article-abstract\u0022\u003E\n              \n\n  \u003Cdiv class=\u0022article--teaser-body\u0022\u003E  \u003Cp\u003EOsterfeuer im Internat Ilmenau\u003C\/p\u003E\n\n\n\u003C\/div\u003E\n\n            \u003C\/div\u003E\n                        \u003C\/div\u003E\n      \u003Cdiv class=\u0022btn btn-primary\u0022\u003E\n        Mehr anzeigen\n      \u003C\/div\u003E\n\n    \u003C\/div\u003E   \u003C\/a\u003E\n\u003C\/article\u003E\n\n\n\n\u003Carticle  class=\u0022node node--type--article node--view-mode--teaser\u0022\u003E\n  \u003Ca href=\u0022https:\/\/www.cjd.de\/de\/aktuelles-aus-dem-cjd\/bildung-sparen-nicht-mit-uns\u0022 aria-labelledby=\u0022teaser-7555-title\u0022\u003E\n\n        \u003Cdiv class=\u0022teaser-image\u0022\u003E\n        \u003Cfigure class=\u0022article--teaser-image\u0022\u003E\n        \u003Cpicture\u003E\n                \u003C!--[if IE 9]\u003E\n      \u003Cvideo style=\u0022display: none;\u0022\u003E\u003C![endif]--\u003E\n              \u003Csource srcset=\u0022\/sites\/default\/files\/styles\/img_md_4_3_bp_md\/public\/2026-03\/46049_demo_1.jpeg.webp?h=fce899a3\u0026amp;itok=9GXS7fEU 1x\u0022 media=\u0022all and (min-width: 768px) and (max-width: 959px)\u0022 type=\u0022image\/webp\u0022 width=\u0022440\u0022 height=\u0022330\u0022\/\u003E\n              \u003Csource srcset=\u0022\/sites\/default\/files\/styles\/img_md_4_3_bp_lg\/public\/2026-03\/46049_demo_1.jpeg.webp?h=fce899a3\u0026amp;itok=doSYbZbO 1x\u0022 media=\u0022all and (min-width: 960px) and (max-width: 1439px)\u0022 type=\u0022image\/webp\u0022 width=\u0022656\u0022 height=\u0022492\u0022\/\u003E\n              \u003Csource srcset=\u0022\/sites\/default\/files\/styles\/img_md_4_3_bp_xl\/public\/2026-03\/46049_demo_1.jpeg.webp?h=fce899a3\u0026amp;itok=C6IvxSBX 1x\u0022 media=\u0022all and (min-width: 1440px)\u0022 type=\u0022image\/webp\u0022 width=\u0022840\u0022 height=\u0022630\u0022\/\u003E\n            \u003C!--[if IE 9]\u003E\u003C\/video\u003E\u003C![endif]--\u003E\n            \u003Cimg loading=\u0022lazy\u0022 width=\u0022352\u0022 height=\u0022264\u0022 src=\u0022\/sites\/default\/files\/styles\/img_md_4_3_bp_default\/public\/2026-03\/46049_demo_1.jpeg.jpg?h=fce899a3\u0026amp;itok=N6esihmd\u0022 \/\u003E\n\n  \u003C\/picture\u003E\n\n\n      \u003C\/figure\u003E\n\n    \u003C\/div\u003E\n\n    \u003Cdiv class=\u0022teaser-content\u0022\u003E\n      \u003Cdiv class=\u0022article-teaser-text\u0022\u003E\n                \n                                        \u003Cdiv id=\u0022teaser-7555-title\u0022\n                 class=\u0022article-headline\u0022\n                 role=\u0022heading\u0022\n                 aria-level=\u00223\u0022\u003E\n              An Bildung sparen? Nicht mit uns!\n            \u003C\/div\u003E\n          \n                      \u003Cdiv class=\u0022article-abstract\u0022\u003E\n              \n\n  \u003Cdiv class=\u0022article--teaser-body\u0022\u003E  \u003Cp\u003EDemonstration f\u00fcr eine verl\u00e4ssliche Finanzierung der CJD Christophorusschule Erfurt\u003C\/p\u003E\n\n\n\u003C\/div\u003E\n\n            \u003C\/div\u003E\n                        \u003C\/div\u003E\n      \u003Cdiv class=\u0022btn btn-primary\u0022\u003E\n        Mehr anzeigen\n      \u003C\/div\u003E\n\n    \u003C\/div\u003E   \u003C\/a\u003E\n\u003C\/article\u003E\n\n\n\n\u003Carticle  class=\u0022node node--type--article node--view-mode--teaser\u0022\u003E\n  \u003Ca href=\u0022https:\/\/www.cjd.de\/de\/aktuelles-aus-dem-cjd\/mit-kreativitaet-und-handwerk-neue-nistkaesten-fuer-das-gessental\u0022 aria-labelledby=\u0022teaser-7527-title\u0022\u003E\n\n        \u003Cdiv class=\u0022teaser-image\u0022\u003E\n        \u003Cfigure class=\u0022article--teaser-image\u0022\u003E\n        \u003Cpicture\u003E\n                \u003C!--[if IE 9]\u003E\n      \u003Cvideo style=\u0022display: none;\u0022\u003E\u003C![endif]--\u003E\n              \u003Csource srcset=\u0022\/sites\/default\/files\/styles\/img_md_4_3_bp_md\/public\/2026-03\/46016_nistkaesten_5.jpg.webp?h=6ede3318\u0026amp;itok=k7jT2p5P 1x\u0022 media=\u0022all and (min-width: 768px) and (max-width: 959px)\u0022 type=\u0022image\/webp\u0022 width=\u0022440\u0022 height=\u0022330\u0022\/\u003E\n              \u003Csource srcset=\u0022\/sites\/default\/files\/styles\/img_md_4_3_bp_lg\/public\/2026-03\/46016_nistkaesten_5.jpg.webp?h=6ede3318\u0026amp;itok=LD3kPmCb 1x\u0022 media=\u0022all and (min-width: 960px) and (max-width: 1439px)\u0022 type=\u0022image\/webp\u0022 width=\u0022656\u0022 height=\u0022492\u0022\/\u003E\n              \u003Csource srcset=\u0022\/sites\/default\/files\/styles\/img_md_4_3_bp_xl\/public\/2026-03\/46016_nistkaesten_5.jpg.webp?h=6ede3318\u0026amp;itok=t8qLF0C9 1x\u0022 media=\u0022all and (min-width: 1440px)\u0022 type=\u0022image\/webp\u0022 width=\u0022840\u0022 height=\u0022630\u0022\/\u003E\n            \u003C!--[if IE 9]\u003E\u003C\/video\u003E\u003C![endif]--\u003E\n            \u003Cimg loading=\u0022lazy\u0022 width=\u0022352\u0022 height=\u0022264\u0022 src=\u0022\/sites\/default\/files\/styles\/img_md_4_3_bp_default\/public\/2026-03\/46016_nistkaesten_5.jpg.jpg?h=6ede3318\u0026amp;itok=_YF-rKDG\u0022 alt=\u0022F\u00fcnf Jugendliche pr\u00e4sentieren 13 Nistk\u00e4sten.\u0022 \/\u003E\n\n  \u003C\/picture\u003E\n\n\n      \u003C\/figure\u003E\n\n    \u003C\/div\u003E\n\n    \u003Cdiv class=\u0022teaser-content\u0022\u003E\n      \u003Cdiv class=\u0022article-teaser-text\u0022\u003E\n                \n                                        \u003Cdiv id=\u0022teaser-7527-title\u0022\n                 class=\u0022article-headline\u0022\n                 role=\u0022heading\u0022\n                 aria-level=\u00223\u0022\u003E\n              Mit Kreativit\u00e4t und Handwerk: Neue Nistk\u00e4sten f\u00fcr das Gessental\n            \u003C\/div\u003E\n          \n                      \u003Cdiv class=\u0022article-abstract\u0022\u003E\n              \n\n  \u003Cdiv class=\u0022article--teaser-body\u0022\u003E  \u003Cp\u003EJugendliche gestalten tierfreundliche H\u00e4uschen f\u00fcr Naturlehrpfad\u003C\/p\u003E\n\n\n\u003C\/div\u003E\n\n            \u003C\/div\u003E\n                        \u003C\/div\u003E\n      \u003Cdiv class=\u0022btn btn-primary\u0022\u003E\n        Mehr anzeigen\n      \u003C\/div\u003E\n\n    \u003C\/div\u003E   \u003C\/a\u003E\n\u003C\/article\u003E\n\n\n\n\u003Carticle  class=\u0022node node--type--article node--view-mode--teaser\u0022\u003E\n  \u003Ca href=\u0022https:\/\/www.cjd.de\/de\/aktuelles-aus-dem-cjd\/meine-foerderschule-ist-kein-sparmodell\u0022 aria-labelledby=\u0022teaser-7453-title\u0022\u003E\n\n        \u003Cdiv class=\u0022teaser-image\u0022\u003E\n        \u003Cfigure class=\u0022article--teaser-image\u0022\u003E\n        \u003Cpicture\u003E\n                \u003C!--[if IE 9]\u003E\n      \u003Cvideo style=\u0022display: none;\u0022\u003E\u003C![endif]--\u003E\n              \u003Csource srcset=\u0022\/sites\/default\/files\/styles\/img_md_4_3_bp_md\/public\/2026-03\/45926_plakate-fuer-demo-der-cjd-christophorusschule-erfurt_1.jpeg.webp?h=71976bb4\u0026amp;itok=9nwgM9zo 1x\u0022 media=\u0022all and (min-width: 768px) and (max-width: 959px)\u0022 type=\u0022image\/webp\u0022 width=\u0022440\u0022 height=\u0022330\u0022\/\u003E\n              \u003Csource srcset=\u0022\/sites\/default\/files\/styles\/img_md_4_3_bp_lg\/public\/2026-03\/45926_plakate-fuer-demo-der-cjd-christophorusschule-erfurt_1.jpeg.webp?h=71976bb4\u0026amp;itok=4MipblA0 1x\u0022 media=\u0022all and (min-width: 960px) and (max-width: 1439px)\u0022 type=\u0022image\/webp\u0022 width=\u0022656\u0022 height=\u0022492\u0022\/\u003E\n              \u003Csource srcset=\u0022\/sites\/default\/files\/styles\/img_md_4_3_bp_xl\/public\/2026-03\/45926_plakate-fuer-demo-der-cjd-christophorusschule-erfurt_1.jpeg.webp?h=71976bb4\u0026amp;itok=gA8i8dGY 1x\u0022 media=\u0022all and (min-width: 1440px)\u0022 type=\u0022image\/webp\u0022 width=\u0022840\u0022 height=\u0022630\u0022\/\u003E\n            \u003C!--[if IE 9]\u003E\u003C\/video\u003E\u003C![endif]--\u003E\n            \u003Cimg loading=\u0022lazy\u0022 width=\u0022352\u0022 height=\u0022264\u0022 src=\u0022\/sites\/default\/files\/styles\/img_md_4_3_bp_default\/public\/2026-03\/45926_plakate-fuer-demo-der-cjd-christophorusschule-erfurt_1.jpeg.jpg?h=71976bb4\u0026amp;itok=LK2qnMij\u0022 alt=\u0022Sch\u00fclerinnen und Sch\u00fcler aus der CJD Christophorusschule mit selbst gestalteten Plakaten f\u00fcr die geplante Demonstration.\u0022 \/\u003E\n\n  \u003C\/picture\u003E\n\n\n      \u003C\/figure\u003E\n\n    \u003C\/div\u003E\n\n    \u003Cdiv class=\u0022teaser-content\u0022\u003E\n      \u003Cdiv class=\u0022article-teaser-text\u0022\u003E\n                \n                                        \u003Cdiv id=\u0022teaser-7453-title\u0022\n                 class=\u0022article-headline\u0022\n                 role=\u0022heading\u0022\n                 aria-level=\u00223\u0022\u003E\n              \u201eMeine F\u00f6rderschule ist kein Sparmodell\u201c\n            \u003C\/div\u003E\n          \n                      \u003Cdiv class=\u0022article-abstract\u0022\u003E\n              \n\n  \u003Cdiv class=\u0022article--teaser-body\u0022\u003E  \u003Cp\u003ECJD Christophorusschule Erfurt ruft zur Demonstration auf\u003C\/p\u003E\n\n\n\u003C\/div\u003E\n\n            \u003C\/div\u003E\n                        \u003C\/div\u003E\n      \u003Cdiv class=\u0022btn btn-primary\u0022\u003E\n        Mehr anzeigen\n      \u003C\/div\u003E\n\n    \u003C\/div\u003E   \u003C\/a\u003E\n\u003C\/article\u003E\n","entity_type":"node","used_ids":["",7797,7772,7585,7555,7527,7453],"show_more":"\u003Cdiv class=\u0022del-show-more\u0022\u003E\u003Ca href=\u0022\/de\/ajax\/del\/5dd1a768-ed95-4d2c-b0af-ccb4898105b7\/paragraph\/7\/6\/asc\/eyJ0YXhvbm9teV90ZXJtIjp7ImlkIjoiMTMiLCJ0eXBlIjoiY29tcG91bmRzIn19\u0022 title=\u0022Mehr elemente anzeigen\u0022 class=\u0022del-show-more-link use-ajax\u0022 rel=\u0022nofollow\u0022 data-target-type=\u0022node\u0022 aria-controls=\u0022del--paragraph-6056--content\u0022 aria-label=\u0022Mehr elemente anzeigen\u0022\u003EMehr anzeigen\u003C\/a\u003E\u003C\/div\u003E\n"}]