[{"command":"settings","settings":{"pluralDelimiter":"\u0003","suppressDeprecationErrors":true,"ajaxPageState":{"libraries":"eJxLqcxLzM1Mjk_NK8ksqYzPySwu0S_OyC-Pz80vSgUAtBcL_w","theme":"cjd","theme_token":null},"ajaxTrustedUrl":[],"csp":{"nonce":"3D74jlUmKlA3FMNm9l8Vzg"},"user":{"uid":0,"permissionsHash":"c1125b369a7e15b13772875c04cea41b0b84fabb44b759d8275303f5723b9ee7"}},"merge":true},{"command":"add_css","data":[{"rel":"stylesheet","media":"all","href":"\/sites\/default\/files\/css\/css_KLr2cejCds13yXbN6XzQjMRzmef65rerdAzUrRFWqn8.css?delta=0\u0026language=de\u0026theme=cjd\u0026include=eJxLzi9K1U8pKi1IzNFLzEqsAAA0wAYz"},{"rel":"stylesheet","media":"all","href":"\/sites\/default\/files\/css\/css_b1LJgX55_PliihHpD7ahvFnlUq8xUspelw3mtrlm3xw.css?delta=1\u0026language=de\u0026theme=cjd\u0026include=eJxLzi9K1U8pKi1IzNFLzEqsAAA0wAYz"}]},{"command":"add_js","selector":"body","data":[{"src":"\/core\/assets\/vendor\/jquery\/jquery.min.js?v=4.0.0"},{"src":"\/sites\/default\/files\/js\/js_C7ImIHujF8oAdQn3tYZ7OWQxkGPDZHWu2ue3AARt0DM.js?scope=footer\u0026delta=1\u0026language=de\u0026theme=cjd\u0026include=eJxLqcxLzM1Mjk_NK8ksqYzPySwu0S_OyC-Pz80vSgUAtBcL_w"}]},{"command":"showMoreTeasers","id":"del--paragraph-2183","content":"\n\u003Cdiv class=\u0022node node--type--offer node--view-mode--teaser\u0022\u003E\n      \u003Ca href=\u0022\/de\/stationaere-wohngruppen-offenburg\u0022 aria-labelledby=\u0022teaser-88-title\u0022\u003E\n      \u003Carticle class=\u0022offer-content\u0022\u003E\n      \u003Cdiv id=\u0022teaser-88-title\u0022 class=\u0022offer-title typo-headline-base headline-sm\u0022 role=\u0022heading\u0022 aria-level=\u00223\u0022\u003E\n        \u003Cspan\u003EStation\u00e4re Wohngruppen - Offenburg\u003C\/span\u003E\n\n      \u003C\/div\u003E\n              \u003Cdiv class=\u0022offer-teaser-item teaser-location\u0022\u003E\n          \u003Ci class=\u0022i i-location\u0022\u003E\u003C\/i\u003E\n          \n  \u003Cdiv class=\u0022field field--name-field-address field--type-address field--label-hidden field__items\u0022\u003E\n        \u003Cdiv class=\u0022field__item\u0022\u003E\u003Cp class=\u0022address\u0022 translate=\u0022no\u0022\u003E\u003Cspan class=\u0022organization\u0022\u003EStation\u00e4re Wohngruppen f\u00fcr Jugendliche in Offenburg\u003C\/span\u003E\u003Cbr\u003E\n\u003Cspan class=\u0022address-line1\u0022\u003EZ\u00e4hringerstra\u00dfe 47-59\u003C\/span\u003E\u003Cbr\u003E\n\u003Cspan class=\u0022postal-code\u0022\u003E77652\u003C\/span\u003E \u003Cspan class=\u0022locality\u0022\u003EOffenburg\u00a0\u003C\/span\u003E\u003Cbr\u003E\n\u003Cspan class=\u0022country\u0022\u003EDeutschland\u003C\/span\u003E\u003C\/p\u003E\u003C\/div\u003E\n  \u003C\/div\u003E\n        \u003C\/div\u003E\n            \u003Cdiv class=\u0022offer-teaser-terms\u0022\u003E\n                  \u003Cdiv class=\u0022offer-teaser-item teaser-topics\u0022\u003E\n            \u003Ci class=\u0022i i-new-releases\u0022\u003E\u003C\/i\u003E\n            \u003Cdiv class=\u0022item-text\u0022\u003E \n  \u003Cspan\u003EWohngruppen f\u00fcr Jugendliche\u003C\/span\u003E\n  \u003Cspan\u003EFamilienhilfe\u003C\/span\u003E\n  \u003Cspan\u003EJugendhilfe\u003C\/span\u003E\n  \u003Cspan\u003EWohnen\u003C\/span\u003E\n\u003C\/div\u003E\n          \u003C\/div\u003E\n                          \u003Cdiv class=\u0022offer-teaser-item teaser-target-group\u0022\u003E\n            \u003Ci class=\u0022i i-person\u0022\u003E\u003C\/i\u003E\n            \u003Cdiv class=\u0022item-text\u0022\u003E \n  \u003Cspan\u003EJunge Erwachsene\u003C\/span\u003E\n  \u003Cspan\u003EJugendliche\u003C\/span\u003E\n \u003C\/div\u003E\n          \u003C\/div\u003E\n              \u003C\/div\u003E\n    \u003C\/article\u003E\n  \u003C\/a\u003E\n\u003C\/div\u003E\n\n\u003Cdiv class=\u0022node node--type--offer node--view-mode--teaser\u0022\u003E\n      \u003Ca href=\u0022\/de\/ambulant-betreutes-wohnen-offenburg\u0022 aria-labelledby=\u0022teaser-87-title\u0022\u003E\n      \u003Carticle class=\u0022offer-content\u0022\u003E\n      \u003Cdiv id=\u0022teaser-87-title\u0022 class=\u0022offer-title typo-headline-base headline-sm\u0022 role=\u0022heading\u0022 aria-level=\u00223\u0022\u003E\n        \u003Cspan\u003EAmbulant betreutes Wohnen - Offenburg\u003C\/span\u003E\n\n      \u003C\/div\u003E\n              \u003Cdiv class=\u0022offer-teaser-item teaser-location\u0022\u003E\n          \u003Ci class=\u0022i i-location\u0022\u003E\u003C\/i\u003E\n          \n  \u003Cdiv class=\u0022field field--name-field-address field--type-address field--label-hidden field__items\u0022\u003E\n        \u003Cdiv class=\u0022field__item\u0022\u003E\u003Cp class=\u0022address\u0022 translate=\u0022no\u0022\u003E\u003Cspan class=\u0022organization\u0022\u003ECJD Offenburg\u003C\/span\u003E\u003Cbr\u003E\n\u003Cspan class=\u0022address-line1\u0022\u003EZ\u00e4hringerstra\u00dfe 47-59\u003C\/span\u003E\u003Cbr\u003E\n\u003Cspan class=\u0022postal-code\u0022\u003E77652\u003C\/span\u003E \u003Cspan class=\u0022locality\u0022\u003EOffenburg\u003C\/span\u003E\u003Cbr\u003E\n\u003Cspan class=\u0022country\u0022\u003EDeutschland\u003C\/span\u003E\u003C\/p\u003E\u003C\/div\u003E\n  \u003C\/div\u003E\n        \u003C\/div\u003E\n            \u003Cdiv class=\u0022offer-teaser-terms\u0022\u003E\n                  \u003Cdiv class=\u0022offer-teaser-item teaser-topics\u0022\u003E\n            \u003Ci class=\u0022i i-new-releases\u0022\u003E\u003C\/i\u003E\n            \u003Cdiv class=\u0022item-text\u0022\u003E \n  \u003Cspan\u003EAmbulante Angebote\u003C\/span\u003E\n  \u003Cspan\u003ELeben mit Behinderung\u003C\/span\u003E\n  \u003Cspan\u003EWohnen\u003C\/span\u003E\n\u003C\/div\u003E\n          \u003C\/div\u003E\n                          \u003Cdiv class=\u0022offer-teaser-item teaser-target-group\u0022\u003E\n            \u003Ci class=\u0022i i-person\u0022\u003E\u003C\/i\u003E\n            \u003Cdiv class=\u0022item-text\u0022\u003E \n  \u003Cspan\u003EMenschen mit Behinderung\u003C\/span\u003E\n \u003C\/div\u003E\n          \u003C\/div\u003E\n              \u003C\/div\u003E\n    \u003C\/article\u003E\n  \u003C\/a\u003E\n\u003C\/div\u003E\n\n\u003Cdiv class=\u0022node node--type--offer node--view-mode--teaser\u0022\u003E\n      \u003Ca href=\u0022\/de\/jugendwohnheim-fuer-schuelerinnen-und-schueler-des-bsz-biberach-0\u0022 aria-labelledby=\u0022teaser-5331-title\u0022\u003E\n      \u003Carticle class=\u0022offer-content\u0022\u003E\n      \u003Cdiv id=\u0022teaser-5331-title\u0022 class=\u0022offer-title typo-headline-base headline-sm\u0022 role=\u0022heading\u0022 aria-level=\u00223\u0022\u003E\n        \u003Cspan\u003EJugendwohnheim f\u00fcr Sch\u00fclerinnen und Sch\u00fcler des BSZ Biberach\u003C\/span\u003E\n\n      \u003C\/div\u003E\n              \u003Cdiv class=\u0022offer-teaser-item teaser-location\u0022\u003E\n          \u003Ci class=\u0022i i-location\u0022\u003E\u003C\/i\u003E\n          \n  \u003Cdiv class=\u0022field field--name-field-address field--type-address field--label-hidden field__items\u0022\u003E\n        \u003Cdiv class=\u0022field__item\u0022\u003E\u003Cp class=\u0022address\u0022 translate=\u0022no\u0022\u003E\u003Cspan class=\u0022organization\u0022\u003ECJD Biberach\u003C\/span\u003E\u003Cbr\u003E\n\u003Cspan class=\u0022address-line1\u0022\u003ELeipzigstra\u00dfe 5\u003C\/span\u003E\u003Cbr\u003E\n\u003Cspan class=\u0022postal-code\u0022\u003E88400\u003C\/span\u003E \u003Cspan class=\u0022locality\u0022\u003EBiberach an der Ri\u00df\u003C\/span\u003E\u003Cbr\u003E\n\u003Cspan class=\u0022country\u0022\u003EDeutschland\u003C\/span\u003E\u003C\/p\u003E\u003C\/div\u003E\n  \u003C\/div\u003E\n        \u003C\/div\u003E\n            \u003Cdiv class=\u0022offer-teaser-terms\u0022\u003E\n                  \u003Cdiv class=\u0022offer-teaser-item teaser-topics\u0022\u003E\n            \u003Ci class=\u0022i i-new-releases\u0022\u003E\u003C\/i\u003E\n            \u003Cdiv class=\u0022item-text\u0022\u003E \n  \u003Cspan\u003EWohnen\u003C\/span\u003E\n\u003C\/div\u003E\n          \u003C\/div\u003E\n                          \u003Cdiv class=\u0022offer-teaser-item teaser-target-group\u0022\u003E\n            \u003Ci class=\u0022i i-person\u0022\u003E\u003C\/i\u003E\n            \u003Cdiv class=\u0022item-text\u0022\u003E \n  \u003Cspan\u003EJunge Erwachsene\u003C\/span\u003E\n  \u003Cspan\u003EErwachsene\u003C\/span\u003E\n \u003C\/div\u003E\n          \u003C\/div\u003E\n              \u003C\/div\u003E\n    \u003C\/article\u003E\n  \u003C\/a\u003E\n\u003C\/div\u003E\n\n\u003Cdiv class=\u0022node node--type--offer node--view-mode--teaser\u0022\u003E\n      \u003Ca href=\u0022\/de\/wohnheim-fuer-auszubildende-im-bildungszentrum-bau-sigmaringen\u0022 aria-labelledby=\u0022teaser-128-title\u0022\u003E\n      \u003Carticle class=\u0022offer-content\u0022\u003E\n      \u003Cdiv id=\u0022teaser-128-title\u0022 class=\u0022offer-title typo-headline-base headline-sm\u0022 role=\u0022heading\u0022 aria-level=\u00223\u0022\u003E\n        \u003Cspan\u003EWohnheim f\u00fcr Auszubildende im Bildungszentrum Bau Sigmaringen\u003C\/span\u003E\n\n      \u003C\/div\u003E\n              \u003Cdiv class=\u0022offer-teaser-item teaser-location\u0022\u003E\n          \u003Ci class=\u0022i i-location\u0022\u003E\u003C\/i\u003E\n          \n  \u003Cdiv class=\u0022field field--name-field-address field--type-address field--label-hidden field__items\u0022\u003E\n        \u003Cdiv class=\u0022field__item\u0022\u003E\u003Cp class=\u0022address\u0022 translate=\u0022no\u0022\u003E\u003Cspan class=\u0022organization\u0022\u003ECJD Sigmaringen\u003C\/span\u003E\u003Cbr\u003E\n\u003Cspan class=\u0022address-line1\u0022\u003EIn der Au 14\u003C\/span\u003E\u003Cbr\u003E\n\u003Cspan class=\u0022postal-code\u0022\u003E72488\u003C\/span\u003E \u003Cspan class=\u0022locality\u0022\u003ESigmaringen\u003C\/span\u003E\u003Cbr\u003E\n\u003Cspan class=\u0022country\u0022\u003EDeutschland\u003C\/span\u003E\u003C\/p\u003E\u003C\/div\u003E\n  \u003C\/div\u003E\n        \u003C\/div\u003E\n            \u003Cdiv class=\u0022offer-teaser-terms\u0022\u003E\n                  \u003Cdiv class=\u0022offer-teaser-item teaser-topics\u0022\u003E\n            \u003Ci class=\u0022i i-new-releases\u0022\u003E\u003C\/i\u003E\n            \u003Cdiv class=\u0022item-text\u0022\u003E \n  \u003Cspan\u003EWohnen\u003C\/span\u003E\n\u003C\/div\u003E\n          \u003C\/div\u003E\n                          \u003Cdiv class=\u0022offer-teaser-item teaser-target-group\u0022\u003E\n            \u003Ci class=\u0022i i-person\u0022\u003E\u003C\/i\u003E\n            \u003Cdiv class=\u0022item-text\u0022\u003E \n  \u003Cspan\u003EJunge Erwachsene\u003C\/span\u003E\n  \u003Cspan\u003EErwachsene\u003C\/span\u003E\n \u003C\/div\u003E\n          \u003C\/div\u003E\n              \u003C\/div\u003E\n    \u003C\/article\u003E\n  \u003C\/a\u003E\n\u003C\/div\u003E\n","entity_type":"node","used_ids":["",88,87,5331,128],"show_more":"\u003Cdiv class=\u0022del-show-more\u0022\u003E\u003Ca href=\u0022\/de\/ajax\/del\/5a1d4bcc-ff30-47bd-8dce-f539703e831f\/paragraph\/5\/4\/asc\/eyJub2RlIjp7ImlkIjoiNjI4IiwidHlwZSI6InBhZ2UifX0%3D\u0022 title=\u0022Mehr elemente anzeigen\u0022 class=\u0022del-show-more-link use-ajax\u0022 rel=\u0022nofollow\u0022 data-target-type=\u0022node\u0022 aria-controls=\u0022del--paragraph-2183--content\u0022 aria-label=\u0022Mehr elemente anzeigen\u0022\u003EMehr anzeigen\u003C\/a\u003E\u003C\/div\u003E\n"}]