[{"command":"settings","settings":{"pluralDelimiter":"\u0003","suppressDeprecationErrors":true,"ajaxPageState":{"libraries":"eJxLqcxLzM1Mjk_NK8ksqYzPySwu0S_OyC-Pz80vSgUAtBcL_w","theme":"cjd","theme_token":null},"ajaxTrustedUrl":[],"csp":{"nonce":"LtTV8ssFTPfLrk1PoqpkCw"},"user":{"uid":0,"permissionsHash":"c1125b369a7e15b13772875c04cea41b0b84fabb44b759d8275303f5723b9ee7"}},"merge":true},{"command":"add_css","data":[{"rel":"stylesheet","media":"all","href":"\/sites\/default\/files\/css\/css_KLr2cejCds13yXbN6XzQjMRzmef65rerdAzUrRFWqn8.css?delta=0\u0026language=de\u0026theme=cjd\u0026include=eJxLzi9K1U8pKi1IzNFLzEqsAAA0wAYz"},{"rel":"stylesheet","media":"all","href":"\/sites\/default\/files\/css\/css_b1LJgX55_PliihHpD7ahvFnlUq8xUspelw3mtrlm3xw.css?delta=1\u0026language=de\u0026theme=cjd\u0026include=eJxLzi9K1U8pKi1IzNFLzEqsAAA0wAYz"}]},{"command":"add_js","selector":"body","data":[{"src":"\/core\/assets\/vendor\/jquery\/jquery.min.js?v=4.0.0"},{"src":"\/sites\/default\/files\/js\/js_C7ImIHujF8oAdQn3tYZ7OWQxkGPDZHWu2ue3AARt0DM.js?scope=footer\u0026delta=1\u0026language=de\u0026theme=cjd\u0026include=eJxLqcxLzM1Mjk_NK8ksqYzPySwu0S_OyC-Pz80vSgUAtBcL_w"}]},{"command":"showMoreTeasers","id":"del--paragraph-6790","content":"\n\n\n\u003Carticle  class=\u0022node node--type--article node--view-mode--teaser\u0022\u003E\n  \u003Ca href=\u0022https:\/\/www.cjd.de\/de\/aktuelles-aus-dem-cjd\/cjd-nuernberg-baumhaus\u0022 aria-labelledby=\u0022teaser-3288-title\u0022\u003E\n\n        \u003Cdiv class=\u0022teaser-image\u0022\u003E\n        \u003Cfigure class=\u0022article--teaser-image\u0022\u003E\n        \u003Cpicture\u003E\n                \u003C!--[if IE 9]\u003E\n      \u003Cvideo style=\u0022display: none;\u0022\u003E\u003C![endif]--\u003E\n              \u003Csource srcset=\u0022\/sites\/default\/files\/styles\/img_md_4_3_bp_md\/public\/2024-09\/30006_20240902_143926.jpg.webp?h=71976bb4\u0026amp;itok=8_ZumAmg 1x\u0022 media=\u0022all and (min-width: 768px) and (max-width: 959px)\u0022 type=\u0022image\/webp\u0022 width=\u0022440\u0022 height=\u0022330\u0022\/\u003E\n              \u003Csource srcset=\u0022\/sites\/default\/files\/styles\/img_md_4_3_bp_lg\/public\/2024-09\/30006_20240902_143926.jpg.webp?h=71976bb4\u0026amp;itok=xmQ4r6ms 1x\u0022 media=\u0022all and (min-width: 960px) and (max-width: 1439px)\u0022 type=\u0022image\/webp\u0022 width=\u0022656\u0022 height=\u0022492\u0022\/\u003E\n              \u003Csource srcset=\u0022\/sites\/default\/files\/styles\/img_md_4_3_bp_xl\/public\/2024-09\/30006_20240902_143926.jpg.webp?h=71976bb4\u0026amp;itok=4LRsrXjJ 1x\u0022 media=\u0022all and (min-width: 1440px)\u0022 type=\u0022image\/webp\u0022 width=\u0022840\u0022 height=\u0022630\u0022\/\u003E\n            \u003C!--[if IE 9]\u003E\u003C\/video\u003E\u003C![endif]--\u003E\n            \u003Cimg loading=\u0022lazy\u0022 width=\u0022352\u0022 height=\u0022264\u0022 src=\u0022\/sites\/default\/files\/styles\/img_md_4_3_bp_default\/public\/2024-09\/30006_20240902_143926.jpg.jpg?h=71976bb4\u0026amp;itok=OYKzvBFt\u0022 \/\u003E\n\n  \u003C\/picture\u003E\n\n\n      \u003C\/figure\u003E\n\n    \u003C\/div\u003E\n\n    \u003Cdiv class=\u0022teaser-content\u0022\u003E\n      \u003Cdiv class=\u0022article-teaser-text\u0022\u003E\n                \n                                        \u003Cdiv id=\u0022teaser-3288-title\u0022\n                 class=\u0022article-headline\u0022\n                 role=\u0022heading\u0022\n                 aria-level=\u00223\u0022\u003E\n              Das Baumhausprojekt begeistert die Kinder der Karg-Kita im CJD N\u00fcrnberg\n            \u003C\/div\u003E\n          \n                      \u003Cdiv class=\u0022article-abstract\u0022\u003E\n              \n\n  \u003Cdiv class=\u0022article--teaser-body\u0022\u003E  \u003Cp\u003EIn der Karg-Kita des CJD N\u00fcrnberg haben die Vorschulkinder ein einzigartiges Baumhaus entworfen, das ...\u003C\/p\u003E\n\n\n\u003C\/div\u003E\n\n            \u003C\/div\u003E\n                        \u003C\/div\u003E\n      \u003Cdiv class=\u0022btn btn-primary\u0022\u003E\n        Mehr anzeigen\n      \u003C\/div\u003E\n\n    \u003C\/div\u003E   \u003C\/a\u003E\n\u003C\/article\u003E\n\n\n\n\u003Carticle  class=\u0022node node--type--article node--view-mode--teaser\u0022\u003E\n  \u003Ca href=\u0022https:\/\/www.cjd.de\/de\/aktuelles-aus-dem-cjd\/verleihung-der-pasch-plakette-fuer-unsere-cjd-realschule\u0022 aria-labelledby=\u0022teaser-2968-title\u0022\u003E\n\n        \u003Cdiv class=\u0022teaser-image\u0022\u003E\n        \u003Cfigure class=\u0022article--teaser-image\u0022\u003E\n        \u003Cpicture\u003E\n                \u003C!--[if IE 9]\u003E\n      \u003Cvideo style=\u0022display: none;\u0022\u003E\u003C![endif]--\u003E\n              \u003Csource srcset=\u0022\/sites\/default\/files\/styles\/img_md_4_3_bp_md\/public\/2023-06\/5737_teams-hintergrund_cjd-fahnen_final.jpg.webp?h=8f84d865\u0026amp;itok=1DAJupOg 1x\u0022 media=\u0022all and (min-width: 768px) and (max-width: 959px)\u0022 type=\u0022image\/webp\u0022 width=\u0022440\u0022 height=\u0022330\u0022\/\u003E\n              \u003Csource srcset=\u0022\/sites\/default\/files\/styles\/img_md_4_3_bp_lg\/public\/2023-06\/5737_teams-hintergrund_cjd-fahnen_final.jpg.webp?h=8f84d865\u0026amp;itok=hMKfMOql 1x\u0022 media=\u0022all and (min-width: 960px) and (max-width: 1439px)\u0022 type=\u0022image\/webp\u0022 width=\u0022656\u0022 height=\u0022492\u0022\/\u003E\n              \u003Csource srcset=\u0022\/sites\/default\/files\/styles\/img_md_4_3_bp_xl\/public\/2023-06\/5737_teams-hintergrund_cjd-fahnen_final.jpg.webp?h=8f84d865\u0026amp;itok=q10I-bnO 1x\u0022 media=\u0022all and (min-width: 1440px)\u0022 type=\u0022image\/webp\u0022 width=\u0022840\u0022 height=\u0022630\u0022\/\u003E\n            \u003C!--[if IE 9]\u003E\u003C\/video\u003E\u003C![endif]--\u003E\n            \u003Cimg loading=\u0022lazy\u0022 width=\u0022352\u0022 height=\u0022264\u0022 src=\u0022\/sites\/default\/files\/styles\/img_md_4_3_bp_default\/public\/2023-06\/5737_teams-hintergrund_cjd-fahnen_final.jpg.jpg?h=8f84d865\u0026amp;itok=HxS2jRV3\u0022 \/\u003E\n\n  \u003C\/picture\u003E\n\n\n      \u003C\/figure\u003E\n\n    \u003C\/div\u003E\n\n    \u003Cdiv class=\u0022teaser-content\u0022\u003E\n      \u003Cdiv class=\u0022article-teaser-text\u0022\u003E\n                \n                                        \u003Cdiv id=\u0022teaser-2968-title\u0022\n                 class=\u0022article-headline\u0022\n                 role=\u0022heading\u0022\n                 aria-level=\u00223\u0022\u003E\n              Verleihung der PASCH-Plakette f\u00fcr unsere CJD Realschule\n            \u003C\/div\u003E\n          \n                      \u003Cdiv class=\u0022article-abstract\u0022\u003E\n              \n\n  \u003Cdiv class=\u0022article--teaser-body\u0022\u003E  \u003Cp\u003EKMK zeichnet CJD Realschule aus\u003C\/p\u003E\n\n\n\u003C\/div\u003E\n\n            \u003C\/div\u003E\n                        \u003C\/div\u003E\n      \u003Cdiv class=\u0022btn btn-primary\u0022\u003E\n        Mehr anzeigen\n      \u003C\/div\u003E\n\n    \u003C\/div\u003E   \u003C\/a\u003E\n\u003C\/article\u003E\n\n\n\n\u003Carticle  class=\u0022node node--type--article node--view-mode--teaser\u0022\u003E\n  \u003Ca href=\u0022https:\/\/www.cjd.de\/de\/aktuelles-aus-dem-cjd\/qualitaetszertifikat-fuer-cjd-realschule-berchtesgaden\u0022 aria-labelledby=\u0022teaser-2529-title\u0022\u003E\n\n        \u003Cdiv class=\u0022teaser-image\u0022\u003E\n        \u003Cfigure class=\u0022article--teaser-image\u0022\u003E\n        \u003Cpicture\u003E\n                \u003C!--[if IE 9]\u003E\n      \u003Cvideo style=\u0022display: none;\u0022\u003E\u003C![endif]--\u003E\n              \u003Csource srcset=\u0022\/sites\/default\/files\/styles\/img_md_4_3_bp_md\/public\/2024-05\/22209_wwse-2019---button.png.webp?h=823ffcec\u0026amp;itok=Ap7v9dGf 1x\u0022 media=\u0022all and (min-width: 768px) and (max-width: 959px)\u0022 type=\u0022image\/webp\u0022 width=\u0022440\u0022 height=\u0022330\u0022\/\u003E\n              \u003Csource srcset=\u0022\/sites\/default\/files\/styles\/img_md_4_3_bp_lg\/public\/2024-05\/22209_wwse-2019---button.png.webp?h=823ffcec\u0026amp;itok=KMU-B4gL 1x\u0022 media=\u0022all and (min-width: 960px) and (max-width: 1439px)\u0022 type=\u0022image\/webp\u0022 width=\u0022656\u0022 height=\u0022492\u0022\/\u003E\n              \u003Csource srcset=\u0022\/sites\/default\/files\/styles\/img_md_4_3_bp_xl\/public\/2024-05\/22209_wwse-2019---button.png.webp?h=823ffcec\u0026amp;itok=GKeyD3hw 1x\u0022 media=\u0022all and (min-width: 1440px)\u0022 type=\u0022image\/webp\u0022 width=\u0022840\u0022 height=\u0022630\u0022\/\u003E\n            \u003C!--[if IE 9]\u003E\u003C\/video\u003E\u003C![endif]--\u003E\n            \u003Cimg loading=\u0022lazy\u0022 width=\u0022352\u0022 height=\u0022264\u0022 src=\u0022\/sites\/default\/files\/styles\/img_md_4_3_bp_default\/public\/2024-05\/22209_wwse-2019---button.png.jpg?h=823ffcec\u0026amp;itok=aUCU_2zt\u0022 alt=\u0022Qualit\u00e4tszertifikat f\u00fcr wahrnehmungs- und wertorientierte Schulentwicklung der Universit\u00e4t Erlangen-N\u00fcrnberg\u0022 \/\u003E\n\n  \u003C\/picture\u003E\n\n\n      \u003C\/figure\u003E\n\n    \u003C\/div\u003E\n\n    \u003Cdiv class=\u0022teaser-content\u0022\u003E\n      \u003Cdiv class=\u0022article-teaser-text\u0022\u003E\n                \n                                        \u003Cdiv id=\u0022teaser-2529-title\u0022\n                 class=\u0022article-headline\u0022\n                 role=\u0022heading\u0022\n                 aria-level=\u00223\u0022\u003E\n              Ausgezeichnete Schulentwicklung: Qualit\u00e4tszertifikat f\u00fcr CJD Realschule in Berchtesgaden\n            \u003C\/div\u003E\n          \n                      \u003Cdiv class=\u0022article-abstract\u0022\u003E\n              \n\n  \u003Cdiv class=\u0022article--teaser-body\u0022\u003E  \u003Cp\u003EDie Realschule der CJD Christophorusschulen Berchtesgaden erhielt in diesen Tagen das ...\u003C\/p\u003E\n\n\n\u003C\/div\u003E\n\n            \u003C\/div\u003E\n                        \u003C\/div\u003E\n      \u003Cdiv class=\u0022btn btn-primary\u0022\u003E\n        Mehr anzeigen\n      \u003C\/div\u003E\n\n    \u003C\/div\u003E   \u003C\/a\u003E\n\u003C\/article\u003E\n","entity_type":"node","used_ids":["",3288,2968,2529],"show_more":"\u003Cdiv class=\u0022del-show-more\u0022\u003E\u003Ca href=\u0022\/de\/ajax\/del\/1fef6748-5b15-45b5-b711-8dc0e5fc299b\/paragraph\/4\/3\/asc\/eyJ0YXhvbm9teV90ZXJtIjp7ImlkIjoiNSIsInR5cGUiOiJjb21wb3VuZHMifX0%3D\u0022 title=\u0022Mehr elemente anzeigen\u0022 class=\u0022del-show-more-link use-ajax\u0022 rel=\u0022nofollow\u0022 data-target-type=\u0022node\u0022 aria-controls=\u0022del--paragraph-6790--content\u0022 aria-label=\u0022Mehr elemente anzeigen\u0022\u003EMehr anzeigen\u003C\/a\u003E\u003C\/div\u003E\n"}]