[{"command":"showMoreTeasers","id":"del--paragraph-8899","content":"\n\n\n\u003Carticle  class=\u0022node node--type--article node--view-mode--teaser\u0022\u003E\n  \u003Ca href=\u0022https:\/\/www.cjd.de\/de\/aktuelles-aus-dem-cjd\/drissa-du-bist-ein-echtes-vorbild\u0022 aria-labelledby=\u0022teaser-4522-title\u0022\u003E\n\n        \u003Cdiv class=\u0022teaser-image\u0022\u003E\n        \u003Cfigure class=\u0022article--teaser-image\u0022\u003E\n        \u003Cpicture\u003E\n                \u003C!--[if IE 9]\u003E\n      \u003Cvideo style=\u0022display: none;\u0022\u003E\u003C![endif]--\u003E\n              \u003Csource srcset=\u0022\/sites\/default\/files\/styles\/img_md_4_3_bp_md\/public\/2025-02\/34648_img_3697.jpeg.webp?h=f2d72d3d\u0026amp;itok=jbTb6dki 1x\u0022 media=\u0022all and (min-width: 768px) and (max-width: 959px)\u0022 type=\u0022image\/webp\u0022 width=\u0022440\u0022 height=\u0022330\u0022\/\u003E\n              \u003Csource srcset=\u0022\/sites\/default\/files\/styles\/img_md_4_3_bp_lg\/public\/2025-02\/34648_img_3697.jpeg.webp?h=f2d72d3d\u0026amp;itok=rVyWyxnD 1x\u0022 media=\u0022all and (min-width: 960px) and (max-width: 1439px)\u0022 type=\u0022image\/webp\u0022 width=\u0022656\u0022 height=\u0022492\u0022\/\u003E\n              \u003Csource srcset=\u0022\/sites\/default\/files\/styles\/img_md_4_3_bp_xl\/public\/2025-02\/34648_img_3697.jpeg.webp?h=f2d72d3d\u0026amp;itok=_7UKSyWP 1x\u0022 media=\u0022all and (min-width: 1440px)\u0022 type=\u0022image\/webp\u0022 width=\u0022840\u0022 height=\u0022630\u0022\/\u003E\n            \u003C!--[if IE 9]\u003E\u003C\/video\u003E\u003C![endif]--\u003E\n            \u003Cimg loading=\u0022lazy\u0022 width=\u0022352\u0022 height=\u0022264\u0022 src=\u0022\/sites\/default\/files\/styles\/img_md_4_3_bp_default\/public\/2025-02\/34648_img_3697.jpeg.jpg?h=f2d72d3d\u0026amp;itok=dyIWF4uN\u0022 alt=\u0022\u0022 \/\u003E\n\n  \u003C\/picture\u003E\n\n\n      \u003C\/figure\u003E\n\n    \u003C\/div\u003E\n\n    \u003Cdiv class=\u0022teaser-content\u0022\u003E\n      \u003Cdiv class=\u0022article-teaser-text\u0022\u003E\n                \n                                        \u003Cdiv id=\u0022teaser-4522-title\u0022\n                 class=\u0022article-headline\u0022\n                 role=\u0022heading\u0022\n                 aria-level=\u00223\u0022\u003E\n              Drissa - Eine Erfolgsgeschichte aus dem CJD Sachsen-Anhalt\n            \u003C\/div\u003E\n          \n                      \u003Cdiv class=\u0022article-abstract\u0022\u003E\n              \n\n  \u003Cdiv class=\u0022article--teaser-body\u0022\u003E  \u003Cp\u003EDrissa hatte am 12.12.24 doppelt Grund zu feiern: Endlich 18 und der Einzug in seine eigenen 4-W\u00e4nde ...\u003C\/p\u003E\n\n\n\u003C\/div\u003E\n\n            \u003C\/div\u003E\n                        \u003C\/div\u003E\n      \u003Cdiv class=\u0022btn btn-primary\u0022\u003E\n        Mehr anzeigen\n      \u003C\/div\u003E\n\n    \u003C\/div\u003E   \u003C\/a\u003E\n\u003C\/article\u003E\n\n\n\n\u003Carticle  class=\u0022node node--type--article node--view-mode--teaser\u0022\u003E\n  \u003Ca href=\u0022https:\/\/www.cjd.de\/de\/aktuelles-aus-dem-cjd\/mit-ehrgeiz-zum-erfolg\u0022 aria-labelledby=\u0022teaser-2857-title\u0022\u003E\n\n        \u003Cdiv class=\u0022teaser-image\u0022\u003E\n        \u003Cfigure class=\u0022article--teaser-image\u0022\u003E\n        \u003Cpicture\u003E\n                \u003C!--[if IE 9]\u003E\n      \u003Cvideo style=\u0022display: none;\u0022\u003E\u003C![endif]--\u003E\n              \u003Csource srcset=\u0022\/sites\/default\/files\/styles\/img_md_4_3_bp_md\/public\/2024-06\/28917_e9fb9c42-cdf7-4f52-99b0-5755c734ba70.jpg.webp?h=22269ffc\u0026amp;itok=UNs8BvWr 1x\u0022 media=\u0022all and (min-width: 768px) and (max-width: 959px)\u0022 type=\u0022image\/webp\u0022 width=\u0022440\u0022 height=\u0022330\u0022\/\u003E\n              \u003Csource srcset=\u0022\/sites\/default\/files\/styles\/img_md_4_3_bp_lg\/public\/2024-06\/28917_e9fb9c42-cdf7-4f52-99b0-5755c734ba70.jpg.webp?h=22269ffc\u0026amp;itok=Dpz0Bco5 1x\u0022 media=\u0022all and (min-width: 960px) and (max-width: 1439px)\u0022 type=\u0022image\/webp\u0022 width=\u0022656\u0022 height=\u0022492\u0022\/\u003E\n              \u003Csource srcset=\u0022\/sites\/default\/files\/styles\/img_md_4_3_bp_xl\/public\/2024-06\/28917_e9fb9c42-cdf7-4f52-99b0-5755c734ba70.jpg.webp?h=22269ffc\u0026amp;itok=KSfyyW2w 1x\u0022 media=\u0022all and (min-width: 1440px)\u0022 type=\u0022image\/webp\u0022 width=\u0022840\u0022 height=\u0022630\u0022\/\u003E\n            \u003C!--[if IE 9]\u003E\u003C\/video\u003E\u003C![endif]--\u003E\n            \u003Cimg loading=\u0022lazy\u0022 width=\u0022352\u0022 height=\u0022264\u0022 src=\u0022\/sites\/default\/files\/styles\/img_md_4_3_bp_default\/public\/2024-06\/28917_e9fb9c42-cdf7-4f52-99b0-5755c734ba70.jpg.jpg?h=22269ffc\u0026amp;itok=O6Plb9YS\u0022 \/\u003E\n\n  \u003C\/picture\u003E\n\n\n      \u003C\/figure\u003E\n\n    \u003C\/div\u003E\n\n    \u003Cdiv class=\u0022teaser-content\u0022\u003E\n      \u003Cdiv class=\u0022article-teaser-text\u0022\u003E\n                \n                                        \u003Cdiv id=\u0022teaser-2857-title\u0022\n                 class=\u0022article-headline\u0022\n                 role=\u0022heading\u0022\n                 aria-level=\u00223\u0022\u003E\n              Eine Erfolgsgeschichte aus dem CJD Sachsen-Anhalt\n            \u003C\/div\u003E\n          \n                      \u003Cdiv class=\u0022article-abstract\u0022\u003E\n              \n\n  \u003Cdiv class=\u0022article--teaser-body\u0022\u003E  \u003Cp\u003EMut, Ausdauer und Ehrgeiz \u2013 m\u00fcsste man den 20-j\u00e4hrigen Imranullah Ahmadzai in drei Worten ...\u003C\/p\u003E\n\n\n\u003C\/div\u003E\n\n            \u003C\/div\u003E\n                        \u003C\/div\u003E\n      \u003Cdiv class=\u0022btn btn-primary\u0022\u003E\n        Mehr anzeigen\n      \u003C\/div\u003E\n\n    \u003C\/div\u003E   \u003C\/a\u003E\n\u003C\/article\u003E\n\n\n\n\u003Carticle  class=\u0022node node--type--article node--view-mode--teaser\u0022\u003E\n  \u003Ca href=\u0022https:\/\/www.cjd.de\/de\/aktuelles-aus-dem-cjd\/cjd-sachsen-anhalt-tafel-zeitz\u0022 aria-labelledby=\u0022teaser-4486-title\u0022\u003E\n\n        \u003Cdiv class=\u0022teaser-image\u0022\u003E\n        \u003Cfigure class=\u0022article--teaser-image\u0022\u003E\n        \u003Cpicture\u003E\n                \u003C!--[if IE 9]\u003E\n      \u003Cvideo style=\u0022display: none;\u0022\u003E\u003C![endif]--\u003E\n              \u003Csource srcset=\u0022\/sites\/default\/files\/styles\/img_md_4_3_bp_md\/public\/2023-06\/5737_teams-hintergrund_cjd-fahnen_final.jpg.webp?h=8f84d865\u0026amp;itok=1DAJupOg 1x\u0022 media=\u0022all and (min-width: 768px) and (max-width: 959px)\u0022 type=\u0022image\/webp\u0022 width=\u0022440\u0022 height=\u0022330\u0022\/\u003E\n              \u003Csource srcset=\u0022\/sites\/default\/files\/styles\/img_md_4_3_bp_lg\/public\/2023-06\/5737_teams-hintergrund_cjd-fahnen_final.jpg.webp?h=8f84d865\u0026amp;itok=hMKfMOql 1x\u0022 media=\u0022all and (min-width: 960px) and (max-width: 1439px)\u0022 type=\u0022image\/webp\u0022 width=\u0022656\u0022 height=\u0022492\u0022\/\u003E\n              \u003Csource srcset=\u0022\/sites\/default\/files\/styles\/img_md_4_3_bp_xl\/public\/2023-06\/5737_teams-hintergrund_cjd-fahnen_final.jpg.webp?h=8f84d865\u0026amp;itok=q10I-bnO 1x\u0022 media=\u0022all and (min-width: 1440px)\u0022 type=\u0022image\/webp\u0022 width=\u0022840\u0022 height=\u0022630\u0022\/\u003E\n            \u003C!--[if IE 9]\u003E\u003C\/video\u003E\u003C![endif]--\u003E\n            \u003Cimg loading=\u0022lazy\u0022 width=\u0022352\u0022 height=\u0022264\u0022 src=\u0022\/sites\/default\/files\/styles\/img_md_4_3_bp_default\/public\/2023-06\/5737_teams-hintergrund_cjd-fahnen_final.jpg.jpg?h=8f84d865\u0026amp;itok=HxS2jRV3\u0022 \/\u003E\n\n  \u003C\/picture\u003E\n\n\n      \u003C\/figure\u003E\n\n    \u003C\/div\u003E\n\n    \u003Cdiv class=\u0022teaser-content\u0022\u003E\n      \u003Cdiv class=\u0022article-teaser-text\u0022\u003E\n                \n                                        \u003Cdiv id=\u0022teaser-4486-title\u0022\n                 class=\u0022article-headline\u0022\n                 role=\u0022heading\u0022\n                 aria-level=\u00223\u0022\u003E\n               Tafel und Tafelk\u00fcche Zeitz st\u00e4rkt Versorgung und Sicherheit w\u00e4hrend der Pandemie\u0026quot;\n            \u003C\/div\u003E\n          \n                      \u003Cdiv class=\u0022article-abstract\u0022\u003E\n              \n\n  \u003Cdiv class=\u0022article--teaser-body\u0022\u003E  \u003Cp\u003EDamit die Tafel des CJD Sachsen-Anhalt in Zeitz Menschen in Not mit Lebensmitteln und weiteren ...\u003C\/p\u003E\n\n\n\u003C\/div\u003E\n\n            \u003C\/div\u003E\n                        \u003C\/div\u003E\n      \u003Cdiv class=\u0022btn btn-primary\u0022\u003E\n        Mehr anzeigen\n      \u003C\/div\u003E\n\n    \u003C\/div\u003E   \u003C\/a\u003E\n\u003C\/article\u003E\n","entity_type":"node","used_ids":["",4522,2857,4486],"show_more":""}]